{"id":12803,"date":"2016-10-14T07:29:26","date_gmt":"2016-10-14T10:29:26","guid":{"rendered":"http:\/\/blogdoeloiltoncajuhy.com.br\/site\/?p=12803"},"modified":"2016-10-14T07:29:26","modified_gmt":"2016-10-14T10:29:26","slug":"jorge-mateus-comemoram-11-anos-de-carreira","status":"publish","type":"post","link":"https:\/\/blogdoeloiltoncajuhy.com.br\/site\/jorge-mateus-comemoram-11-anos-de-carreira\/","title":{"rendered":"Jorge &#038; Mateus comemoram 11 anos de carreira"},"content":{"rendered":"<p><a href=\"https:\/\/i0.wp.com\/blogdoeloiltoncajuhy.com.br\/site\/wp-content\/uploads\/2016\/10\/jorgematheus.jpg\"><img data-recalc-dims=\"1\" fetchpriority=\"high\" decoding=\"async\" class=\"aligncenter size-full wp-image-12804\" src=\"https:\/\/i0.wp.com\/blogdoeloiltoncajuhy.com.br\/site\/wp-content\/uploads\/2016\/10\/jorgematheus.jpg?resize=600%2C350\" alt=\"jorgematheus\" width=\"600\" height=\"350\" srcset=\"https:\/\/i0.wp.com\/blogdoeloiltoncajuhy.com.br\/site\/wp-content\/uploads\/2016\/10\/jorgematheus.jpg?w=600&amp;ssl=1 600w, https:\/\/i0.wp.com\/blogdoeloiltoncajuhy.com.br\/site\/wp-content\/uploads\/2016\/10\/jorgematheus.jpg?resize=300%2C175&amp;ssl=1 300w, https:\/\/i0.wp.com\/blogdoeloiltoncajuhy.com.br\/site\/wp-content\/uploads\/2016\/10\/jorgematheus.jpg?resize=250%2C146&amp;ssl=1 250w\" sizes=\"(max-width: 600px) 100vw, 600px\" \/><\/a>Na \u00faltima ter\u00e7a-feira (11), a dupla Jorge &amp; Mateus realizou um grande show para comemorar os 11 anos de carreira. O local escolhido foi o est\u00e1dio Man\u00e9 Garrincha, em Bras\u00edlia. Para a alegria dos f\u00e3s, a festa foi transmitida ao vivo pelo canal do Villa Mix, no YouTube.<\/p>\n<p>Para deixar a noite ainda mais agitada, eles convidaram para subir ao palco a dupla Matheus &amp; Kauan e Ivete Sangalo. Ainda em 2013, Jorge &amp; Mateus participaram da m\u00fasica \u201cMundo Paralelo\u201d, que d\u00e1 nome ao primeiro DVD de Matheus &amp; Kauan. J\u00e1 com a baiana, esta foi a primeira parceria.<\/p>\n<p>Considerada um dos fen\u00f4menos da m\u00fasica sertaneja no Brasil, a dupla Jorge e Mateus \u00e9 respons\u00e1vel por sucessos como: \u201cPode Chorar\u201d, \u201cDe Tanto Te Querer\u201d, \u201cVoa Beija Flor\u201d, \u201cAmo Noite E Dia\u201d, \u201cOu Some ou Soma\u201d, \u201cPra Sempre Com Voc\u00ea\u201d, entre outras. A dupla, natural de Itumbiara, promete cantou todos os sucessos desde seu primeiro DVD, \u201cAo vivo em Goi\u00e2nia\u201d (de 2007).<\/p>\n<p><iframe title=\"Jorge &amp; Mateus - Paredes (Como Sempre Feito Nunca) [V\u00eddeo Oficial]\" width=\"800\" height=\"450\" src=\"https:\/\/www.youtube.com\/embed\/_Ydy_H8t3n8?feature=oembed\" frameborder=\"0\" allow=\"accelerometer; autoplay; encrypted-media; gyroscope; picture-in-picture\" allowfullscreen><\/iframe><\/p>\n<p><em>*Portal Sucesso<\/em><\/p>\n","protected":false},"excerpt":{"rendered":"<p>Na \u00faltima ter\u00e7a-feira (11), a dupla Jorge &amp; Mateus realizou um grande show para comemorar os 11 anos de carreira. O local escolhido foi o est\u00e1dio Man\u00e9 Garrincha, em Bras\u00edlia. Para a alegria dos f\u00e3s, a festa foi transmitida ao vivo pelo canal do Villa Mix, no YouTube. Para deixar a noite ainda mais agitada, [&hellip;]<\/p>\n","protected":false},"author":2,"featured_media":12804,"comment_status":"open","ping_status":"open","sticky":false,"template":"","format":"standard","meta":{"_acf_changed":false,"_monsterinsights_skip_tracking":false,"_monsterinsights_sitenote_active":false,"_monsterinsights_sitenote_note":"","_monsterinsights_sitenote_category":0,"_jetpack_memberships_contains_paid_content":false,"footnotes":"","jetpack_publicize_message":"","jetpack_publicize_feature_enabled":true,"jetpack_social_post_already_shared":true,"jetpack_social_options":{"image_generator_settings":{"template":"highway","default_image_id":0,"font":"","enabled":false},"version":2}},"categories":[8,1],"tags":[],"class_list":["post-12803","post","type-post","status-publish","format-standard","has-post-thumbnail","hentry","category-cultura","category-noticias"],"acf":[],"jetpack_publicize_connections":[],"jetpack_featured_media_url":"https:\/\/i0.wp.com\/blogdoeloiltoncajuhy.com.br\/site\/wp-content\/uploads\/2016\/10\/jorgematheus.jpg?fit=600%2C350&ssl=1","jetpack_sharing_enabled":true,"publishpress_future_workflow_manual_trigger":{"enabledWorkflows":[]},"_links":{"self":[{"href":"https:\/\/blogdoeloiltoncajuhy.com.br\/site\/wp-json\/wp\/v2\/posts\/12803","targetHints":{"allow":["GET"]}}],"collection":[{"href":"https:\/\/blogdoeloiltoncajuhy.com.br\/site\/wp-json\/wp\/v2\/posts"}],"about":[{"href":"https:\/\/blogdoeloiltoncajuhy.com.br\/site\/wp-json\/wp\/v2\/types\/post"}],"author":[{"embeddable":true,"href":"https:\/\/blogdoeloiltoncajuhy.com.br\/site\/wp-json\/wp\/v2\/users\/2"}],"replies":[{"embeddable":true,"href":"https:\/\/blogdoeloiltoncajuhy.com.br\/site\/wp-json\/wp\/v2\/comments?post=12803"}],"version-history":[{"count":1,"href":"https:\/\/blogdoeloiltoncajuhy.com.br\/site\/wp-json\/wp\/v2\/posts\/12803\/revisions"}],"predecessor-version":[{"id":12805,"href":"https:\/\/blogdoeloiltoncajuhy.com.br\/site\/wp-json\/wp\/v2\/posts\/12803\/revisions\/12805"}],"wp:featuredmedia":[{"embeddable":true,"href":"https:\/\/blogdoeloiltoncajuhy.com.br\/site\/wp-json\/wp\/v2\/media\/12804"}],"wp:attachment":[{"href":"https:\/\/blogdoeloiltoncajuhy.com.br\/site\/wp-json\/wp\/v2\/media?parent=12803"}],"wp:term":[{"taxonomy":"category","embeddable":true,"href":"https:\/\/blogdoeloiltoncajuhy.com.br\/site\/wp-json\/wp\/v2\/categories?post=12803"},{"taxonomy":"post_tag","embeddable":true,"href":"https:\/\/blogdoeloiltoncajuhy.com.br\/site\/wp-json\/wp\/v2\/tags?post=12803"}],"curies":[{"name":"wp","href":"https:\/\/api.w.org\/{rel}","templated":true}]}}