{"id":12788,"date":"2016-10-13T15:48:39","date_gmt":"2016-10-13T18:48:39","guid":{"rendered":"http:\/\/blogdoeloiltoncajuhy.com.br\/site\/?p=12788"},"modified":"2016-10-13T15:48:39","modified_gmt":"2016-10-13T18:48:39","slug":"rui-costa-entrega-sistema-de-abastecimento-de-agua-em-andorinha","status":"publish","type":"post","link":"https:\/\/blogdoeloiltoncajuhy.com.br\/site\/rui-costa-entrega-sistema-de-abastecimento-de-agua-em-andorinha\/","title":{"rendered":"Rui Costa entrega sistema de abastecimento de \u00e1gua em Andorinha"},"content":{"rendered":"<figure id=\"attachment_12789\" aria-describedby=\"caption-attachment-12789\" style=\"width: 500px\" class=\"wp-caption aligncenter\"><a href=\"https:\/\/i0.wp.com\/blogdoeloiltoncajuhy.com.br\/site\/wp-content\/uploads\/2016\/10\/rui-andorinha1-e1476384435439.jpg\"><img data-recalc-dims=\"1\" fetchpriority=\"high\" decoding=\"async\" class=\"wp-image-12789 size-full\" src=\"https:\/\/i0.wp.com\/blogdoeloiltoncajuhy.com.br\/site\/wp-content\/uploads\/2016\/10\/rui-andorinha1-e1476384435439.jpg?resize=500%2C333\" alt=\"rui-andorinha1\" width=\"500\" height=\"333\" \/><\/a><figcaption id=\"caption-attachment-12789\" class=\"wp-caption-text\">(Foto: Mateus Pereira\/GOVBA)<\/figcaption><\/figure>\n<p>\u00c1gua todos os dias na torneira, pavimenta\u00e7\u00e3o de vias e preven\u00e7\u00e3o ao c\u00e2ncer de mama est\u00e3o entre as a\u00e7\u00f5es promovidas pelo Governo do Estado no munic\u00edpio de Andorinha, no centro norte baiano.<\/p>\n<p>O governador Rui Costa, acompanhado de outras autoridades, esteve na cidade nesta quinta-feira (13) para a entrega oficial das obras, como a amplia\u00e7\u00e3o do sistema de abastecimento de \u00e1gua, que atende aproximadamente 16 mil pessoas. &#8220;\u00c9 uma honra estar em Andorinha para entregar obras importantes para a sa\u00fade das pessoas, como o sistema de abastecimento e tamb\u00e9m a pavimenta\u00e7\u00e3o de ruas. Em breve, vamos trazer o Mutir\u00e3o de Cirurgias para esta regi\u00e3o&#8221;, revelou.<\/p>\n<p>A amplia\u00e7\u00e3o do fornecimento de \u00e1gua do munic\u00edpio, or\u00e7ada em R$ 13 milh\u00f5es, faz parte do Sistema Integrado de Abastecimento D&#8217;\u00e1gua de Andorinha, Senhor do Bonfim, Jaguarari, Iti\u00faba e Filad\u00e9lfia, que est\u00e1 com cerca de 90% da obra executados. Ao todo, ser\u00e3o aplicados recursos da ordem de R$ 60 milh\u00f5es para contemplar 130 mil pessoas de 63 localidades que pertencem a esses cinco munic\u00edpios.<\/p>\n<p>Aos 82 anos, a aposentada Hildete Santos, nascida em Andorinha, est\u00e1 feliz com a regularidade do fornecimento de \u00e1gua pela Empresa Baiana de \u00c1guas e Saneamento (Embasa). &#8220;Aqui n\u00e3o existia \u00e1gua. Somente nos po\u00e7os, nas cisternas, quando tinha. \u00c1gua pertinho \u00e9 tudo\u201d, vibrou.<\/p>\n<p><strong>Pavimenta\u00e7\u00e3o<\/strong><\/p>\n<p>Ainda em Andorinha, o governador Rui Costa inaugurou simbolicamente a pavimenta\u00e7\u00e3o de vias em paralelep\u00edpedo, nas localidades de S\u00edtio do A\u00e7ude e Medrado, or\u00e7ada em R$ 300 mil.<\/p>\n<figure id=\"attachment_12790\" aria-describedby=\"caption-attachment-12790\" style=\"width: 500px\" class=\"wp-caption aligncenter\"><a href=\"https:\/\/i0.wp.com\/blogdoeloiltoncajuhy.com.br\/site\/wp-content\/uploads\/2016\/10\/rui-andorinha2.jpg\"><img data-recalc-dims=\"1\" decoding=\"async\" class=\"wp-image-12790 size-full\" src=\"https:\/\/i0.wp.com\/blogdoeloiltoncajuhy.com.br\/site\/wp-content\/uploads\/2016\/10\/rui-andorinha2-e1476384478825.jpg?resize=500%2C333\" alt=\"rui-andorinha2\" width=\"500\" height=\"333\" \/><\/a><figcaption id=\"caption-attachment-12790\" class=\"wp-caption-text\">(Foto: Mateus Pereira\/GOVBA)<\/figcaption><\/figure>\n<p><strong>Outubro Rosa<\/strong><\/p>\n<p>Atividades previstas pela campanha Outubro Rosa tamb\u00e9m est\u00e3o sendo oferecidas \u00e0s mulheres de 50 a 69 anos da sede e da zona rural de Andorinha, at\u00e9 o dia 17 deste m\u00eas. &#8220;A preven\u00e7\u00e3o \u00e9 important\u00edssima para a nossa sa\u00fade. Minha m\u00e3e demorou para fazer o exame (mamografia) e o c\u00e2ncer de mama j\u00e1 estava avan\u00e7ado. Ent\u00e3o, fa\u00e7am o exame, porque a chance de cura definitiva \u00e9 muito maior&#8221;, destacou o governador.<\/p>\n<p>De acordo com a coordenadora da Aten\u00e7\u00e3o B\u00e1sica do munic\u00edpio, Sarah Mendes, est\u00e3o sendo realizadas, em m\u00e9dia, 140 mamografias por dia desde o in\u00edcio da a\u00e7\u00e3o, no \u00faltimo dia 10. Ela informou que, para realizar este exame, a Secretaria Municipal de Sa\u00fade teria que encaminhar as mulheres para Campo Formoso. &#8220;A import\u00e2ncia \u00e9 o diagn\u00f3stico precoce e a preven\u00e7\u00e3o&#8221;.<\/p>\n<p>Moradora do distrito de Serrote Branco, a dona de casa Veronilda Silva, 54, convocou as mulheres da comunidade quando soube que o caminh\u00e3o do programa estadual Sa\u00fade sem Fronteiras estaria na cidade com o rastreamento do c\u00e2ncer de mama. &#8220;Fa\u00e7o esse exame de ano em ano. Muito bom para a sa\u00fade. Eu gosto de fazer por causa das doen\u00e7as que geram na mama, caro\u00e7o no peito, peito inchado&#8221;.<\/p>\n<p><em>*SECOM-BA<\/em><\/p>\n","protected":false},"excerpt":{"rendered":"<p>\u00c1gua todos os dias na torneira, pavimenta\u00e7\u00e3o de vias e preven\u00e7\u00e3o ao c\u00e2ncer de mama est\u00e3o entre as a\u00e7\u00f5es promovidas pelo Governo do Estado no munic\u00edpio de Andorinha, no centro norte baiano. O governador Rui Costa, acompanhado de outras autoridades, esteve na cidade nesta quinta-feira (13) para a entrega oficial das obras, como a amplia\u00e7\u00e3o [&hellip;]<\/p>\n","protected":false},"author":2,"featured_media":12790,"comment_status":"open","ping_status":"open","sticky":false,"template":"","format":"standard","meta":{"_acf_changed":false,"_monsterinsights_skip_tracking":false,"_monsterinsights_sitenote_active":false,"_monsterinsights_sitenote_note":"","_monsterinsights_sitenote_category":0,"_jetpack_memberships_contains_paid_content":false,"footnotes":"","jetpack_publicize_message":"","jetpack_publicize_feature_enabled":true,"jetpack_social_post_already_shared":true,"jetpack_social_options":{"image_generator_settings":{"template":"highway","default_image_id":0,"font":"","enabled":false},"version":2}},"categories":[1,3,11],"tags":[],"class_list":["post-12788","post","type-post","status-publish","format-standard","has-post-thumbnail","hentry","category-noticias","category-politica","category-regional"],"acf":[],"jetpack_publicize_connections":[],"jetpack_featured_media_url":"https:\/\/i0.wp.com\/blogdoeloiltoncajuhy.com.br\/site\/wp-content\/uploads\/2016\/10\/rui-andorinha2-e1476384478825.jpg?fit=500%2C333&ssl=1","jetpack_sharing_enabled":true,"publishpress_future_workflow_manual_trigger":{"enabledWorkflows":[]},"_links":{"self":[{"href":"https:\/\/blogdoeloiltoncajuhy.com.br\/site\/wp-json\/wp\/v2\/posts\/12788","targetHints":{"allow":["GET"]}}],"collection":[{"href":"https:\/\/blogdoeloiltoncajuhy.com.br\/site\/wp-json\/wp\/v2\/posts"}],"about":[{"href":"https:\/\/blogdoeloiltoncajuhy.com.br\/site\/wp-json\/wp\/v2\/types\/post"}],"author":[{"embeddable":true,"href":"https:\/\/blogdoeloiltoncajuhy.com.br\/site\/wp-json\/wp\/v2\/users\/2"}],"replies":[{"embeddable":true,"href":"https:\/\/blogdoeloiltoncajuhy.com.br\/site\/wp-json\/wp\/v2\/comments?post=12788"}],"version-history":[{"count":1,"href":"https:\/\/blogdoeloiltoncajuhy.com.br\/site\/wp-json\/wp\/v2\/posts\/12788\/revisions"}],"predecessor-version":[{"id":12791,"href":"https:\/\/blogdoeloiltoncajuhy.com.br\/site\/wp-json\/wp\/v2\/posts\/12788\/revisions\/12791"}],"wp:featuredmedia":[{"embeddable":true,"href":"https:\/\/blogdoeloiltoncajuhy.com.br\/site\/wp-json\/wp\/v2\/media\/12790"}],"wp:attachment":[{"href":"https:\/\/blogdoeloiltoncajuhy.com.br\/site\/wp-json\/wp\/v2\/media?parent=12788"}],"wp:term":[{"taxonomy":"category","embeddable":true,"href":"https:\/\/blogdoeloiltoncajuhy.com.br\/site\/wp-json\/wp\/v2\/categories?post=12788"},{"taxonomy":"post_tag","embeddable":true,"href":"https:\/\/blogdoeloiltoncajuhy.com.br\/site\/wp-json\/wp\/v2\/tags?post=12788"}],"curies":[{"name":"wp","href":"https:\/\/api.w.org\/{rel}","templated":true}]}}