{"id":12782,"date":"2016-10-13T12:04:26","date_gmt":"2016-10-13T15:04:26","guid":{"rendered":"http:\/\/blogdoeloiltoncajuhy.com.br\/site\/?p=12782"},"modified":"2016-10-13T15:41:21","modified_gmt":"2016-10-13T18:41:21","slug":"forrozeiro-aldemario-coelho-participara-da-festa-da-vitoria-com-brasileiro-em-bonfim","status":"publish","type":"post","link":"https:\/\/blogdoeloiltoncajuhy.com.br\/site\/forrozeiro-aldemario-coelho-participara-da-festa-da-vitoria-com-brasileiro-em-bonfim\/","title":{"rendered":"Forrozeiro Aldem\u00e1rio Coelho participar\u00e1 da Festa da Vit\u00f3ria com Brasileiro em Bonfim"},"content":{"rendered":"<figure id=\"attachment_12783\" aria-describedby=\"caption-attachment-12783\" style=\"width: 500px\" class=\"wp-caption aligncenter\"><a href=\"https:\/\/i0.wp.com\/blogdoeloiltoncajuhy.com.br\/site\/wp-content\/uploads\/2016\/10\/Adelmario-Divulga%C3%A7%C3%A3o-e1476370984488.png\"><img data-recalc-dims=\"1\" fetchpriority=\"high\" decoding=\"async\" class=\"wp-image-12783 size-full\" src=\"https:\/\/i0.wp.com\/blogdoeloiltoncajuhy.com.br\/site\/wp-content\/uploads\/2016\/10\/Adelmario-Divulga%C3%A7%C3%A3o-e1476370984488.png?resize=500%2C463\" alt=\"adelmario-divulgacao\" width=\"500\" height=\"463\" \/><\/a><figcaption id=\"caption-attachment-12783\" class=\"wp-caption-text\">Divulga\u00e7\u00e3o<\/figcaption><\/figure>\n<p><em>Ascom\/Brasileiro<\/em><\/p>\n<p>A Coliga\u00e7\u00e3o Unidos Por Bonfim \u2013 que contou com 13 partidos numa ampla alian\u00e7a pela reconstru\u00e7\u00e3o do munic\u00edpio-sede do Territ\u00f3rio do Piemonte Norte do Itapicuru \u2013 realizar\u00e1 a Festa da Vit\u00f3ria em comemora\u00e7\u00e3o ao \u00eaxito da campanha que elegeu Brasileiro e Z\u00e9 Ant\u00f4nio com 62,4% dos votos dos bonfinenses.<\/p>\n<p>O evento contar\u00e1 com apresenta\u00e7\u00e3o do forrozeiro Adelm\u00e1rio Coelho, que volta a Senhor do Bonfim especialmente para prestigiar o amigo Brasileiro. Na oportunidade, o artista cantar\u00e1 sucessos como <em>O Nen\u00e9m<\/em>, <em>N\u00e3o Fale Mal do Meu Pa\u00eds<\/em> e <em>Amor N\u00e3o Faz Mal a Ningu\u00e9m<\/em>. \u201c\u00c9 com muita alegria que participarei desse momento maravilhoso que \u00e9 a volta de Brasileiro, um pol\u00edtico s\u00e9rio e competente que muito j\u00e1 fez pela cidade e far\u00e1 muito mais. Vamos festejar com alegria e muito forr\u00f3, afinal somos todos bonfinenses, somos todos Brasileiro\u201d, exaltou.<\/p>\n<p>Al\u00e9m de Adelm\u00e1rio, a festa tamb\u00e9m contar\u00e1 com apresenta\u00e7\u00f5es de artistas bonfinenses que ir\u00e3o animar o p\u00fablico ao som dos mais variados ritmos, a exemplo do grupo Pagod\u00e3o Bom de +, Xaveco e banda Palpite. O evento acontecer\u00e1 neste s\u00e1bado, 15, a partir das 20 horas, na Pra\u00e7a Dr. Ant\u00f4nio Gon\u00e7alves, no Centro da cidade.<\/p>\n<p>\u201cDurante 45 dias realizamos uma campanha limpa e propositiva apresentando propostas para termos de volta o desenvolvimento de Bonfim. O povo entendeu isso e nos deu a maior vit\u00f3ria pol\u00edtica jamais vista no munic\u00edpio. Por isso, vamos comemorar juntos o tempo novo que se aproxima com muita alegria e paz\u201d, convidou Brasileiro.<\/p>\n<p><a href=\"https:\/\/i0.wp.com\/blogdoeloiltoncajuhy.com.br\/site\/wp-content\/uploads\/2016\/10\/festa-da-vit%C3%B3ria-13.jpg\"><img data-recalc-dims=\"1\" decoding=\"async\" class=\"aligncenter size-full wp-image-12786\" src=\"https:\/\/i0.wp.com\/blogdoeloiltoncajuhy.com.br\/site\/wp-content\/uploads\/2016\/10\/festa-da-vit%C3%B3ria-13.jpg?resize=500%2C500\" alt=\"festa-da-vitoria-13\" width=\"500\" height=\"500\" srcset=\"https:\/\/i0.wp.com\/blogdoeloiltoncajuhy.com.br\/site\/wp-content\/uploads\/2016\/10\/festa-da-vit%C3%B3ria-13.jpg?w=500&amp;ssl=1 500w, https:\/\/i0.wp.com\/blogdoeloiltoncajuhy.com.br\/site\/wp-content\/uploads\/2016\/10\/festa-da-vit%C3%B3ria-13.jpg?resize=150%2C150&amp;ssl=1 150w, https:\/\/i0.wp.com\/blogdoeloiltoncajuhy.com.br\/site\/wp-content\/uploads\/2016\/10\/festa-da-vit%C3%B3ria-13.jpg?resize=300%2C300&amp;ssl=1 300w, https:\/\/i0.wp.com\/blogdoeloiltoncajuhy.com.br\/site\/wp-content\/uploads\/2016\/10\/festa-da-vit%C3%B3ria-13.jpg?resize=250%2C250&amp;ssl=1 250w, https:\/\/i0.wp.com\/blogdoeloiltoncajuhy.com.br\/site\/wp-content\/uploads\/2016\/10\/festa-da-vit%C3%B3ria-13.jpg?resize=48%2C48&amp;ssl=1 48w\" sizes=\"(max-width: 500px) 100vw, 500px\" \/><\/a><\/p>\n<p>&nbsp;<\/p>\n","protected":false},"excerpt":{"rendered":"<p>Ascom\/Brasileiro A Coliga\u00e7\u00e3o Unidos Por Bonfim \u2013 que contou com 13 partidos numa ampla alian\u00e7a pela reconstru\u00e7\u00e3o do munic\u00edpio-sede do Territ\u00f3rio do Piemonte Norte do Itapicuru \u2013 realizar\u00e1 a Festa da Vit\u00f3ria em comemora\u00e7\u00e3o ao \u00eaxito da campanha que elegeu Brasileiro e Z\u00e9 Ant\u00f4nio com 62,4% dos votos dos bonfinenses. O evento contar\u00e1 com apresenta\u00e7\u00e3o [&hellip;]<\/p>\n","protected":false},"author":2,"featured_media":12786,"comment_status":"open","ping_status":"open","sticky":false,"template":"","format":"standard","meta":{"_acf_changed":false,"_monsterinsights_skip_tracking":false,"_monsterinsights_sitenote_active":false,"_monsterinsights_sitenote_note":"","_monsterinsights_sitenote_category":0,"_jetpack_memberships_contains_paid_content":false,"footnotes":"","jetpack_publicize_message":"","jetpack_publicize_feature_enabled":true,"jetpack_social_post_already_shared":true,"jetpack_social_options":{"image_generator_settings":{"template":"highway","default_image_id":0,"font":"","enabled":false},"version":2}},"categories":[1,3,4],"tags":[],"class_list":["post-12782","post","type-post","status-publish","format-standard","has-post-thumbnail","hentry","category-noticias","category-politica","category-local"],"acf":[],"jetpack_publicize_connections":[],"jetpack_featured_media_url":"https:\/\/i0.wp.com\/blogdoeloiltoncajuhy.com.br\/site\/wp-content\/uploads\/2016\/10\/festa-da-vit%C3%B3ria-13.jpg?fit=500%2C500&ssl=1","jetpack_sharing_enabled":true,"publishpress_future_workflow_manual_trigger":{"enabledWorkflows":[]},"_links":{"self":[{"href":"https:\/\/blogdoeloiltoncajuhy.com.br\/site\/wp-json\/wp\/v2\/posts\/12782","targetHints":{"allow":["GET"]}}],"collection":[{"href":"https:\/\/blogdoeloiltoncajuhy.com.br\/site\/wp-json\/wp\/v2\/posts"}],"about":[{"href":"https:\/\/blogdoeloiltoncajuhy.com.br\/site\/wp-json\/wp\/v2\/types\/post"}],"author":[{"embeddable":true,"href":"https:\/\/blogdoeloiltoncajuhy.com.br\/site\/wp-json\/wp\/v2\/users\/2"}],"replies":[{"embeddable":true,"href":"https:\/\/blogdoeloiltoncajuhy.com.br\/site\/wp-json\/wp\/v2\/comments?post=12782"}],"version-history":[{"count":2,"href":"https:\/\/blogdoeloiltoncajuhy.com.br\/site\/wp-json\/wp\/v2\/posts\/12782\/revisions"}],"predecessor-version":[{"id":12787,"href":"https:\/\/blogdoeloiltoncajuhy.com.br\/site\/wp-json\/wp\/v2\/posts\/12782\/revisions\/12787"}],"wp:featuredmedia":[{"embeddable":true,"href":"https:\/\/blogdoeloiltoncajuhy.com.br\/site\/wp-json\/wp\/v2\/media\/12786"}],"wp:attachment":[{"href":"https:\/\/blogdoeloiltoncajuhy.com.br\/site\/wp-json\/wp\/v2\/media?parent=12782"}],"wp:term":[{"taxonomy":"category","embeddable":true,"href":"https:\/\/blogdoeloiltoncajuhy.com.br\/site\/wp-json\/wp\/v2\/categories?post=12782"},{"taxonomy":"post_tag","embeddable":true,"href":"https:\/\/blogdoeloiltoncajuhy.com.br\/site\/wp-json\/wp\/v2\/tags?post=12782"}],"curies":[{"name":"wp","href":"https:\/\/api.w.org\/{rel}","templated":true}]}}