{"id":12779,"date":"2016-10-13T07:32:16","date_gmt":"2016-10-13T10:32:16","guid":{"rendered":"http:\/\/blogdoeloiltoncajuhy.com.br\/site\/?p=12779"},"modified":"2016-10-13T07:32:16","modified_gmt":"2016-10-13T10:32:16","slug":"bancos-ja-suspendem-credito-a-aposentados-que-recebem-auxilio-por-invalidez","status":"publish","type":"post","link":"https:\/\/blogdoeloiltoncajuhy.com.br\/site\/bancos-ja-suspendem-credito-a-aposentados-que-recebem-auxilio-por-invalidez\/","title":{"rendered":"Bancos j\u00e1 suspendem cr\u00e9dito a aposentados que recebem aux\u00edlio por invalidez"},"content":{"rendered":"<p><em><strong>Mais de 1 milh\u00e3o de benef\u00edcios est\u00e3o sendo revisados<\/strong><\/em><\/p>\n<figure id=\"attachment_12780\" aria-describedby=\"caption-attachment-12780\" style=\"width: 500px\" class=\"wp-caption aligncenter\"><a href=\"https:\/\/i0.wp.com\/blogdoeloiltoncajuhy.com.br\/site\/wp-content\/uploads\/2016\/10\/previdencia-inss-aposentadoria-trabalho-e1476354703906.jpg\"><img data-recalc-dims=\"1\" fetchpriority=\"high\" decoding=\"async\" class=\"wp-image-12780 size-full\" src=\"https:\/\/i0.wp.com\/blogdoeloiltoncajuhy.com.br\/site\/wp-content\/uploads\/2016\/10\/previdencia-inss-aposentadoria-trabalho-e1476354703906.jpg?resize=500%2C300\" alt=\"previdencia-inss-aposentadoria-trabalho\" width=\"500\" height=\"300\" \/><\/a><figcaption id=\"caption-attachment-12780\" class=\"wp-caption-text\">Foto: Fernanda Martins\/Ag\u00eancia O Globo<\/figcaption><\/figure>\n<p>O esfor\u00e7o do governo para estancar o d\u00e9ficit da Previd\u00eancia est\u00e1 trazendo consequ\u00eancias negativas para a oferta de cr\u00e9dito, j\u00e1 bastante restrita no pa\u00eds. Alguns bancos de m\u00e9dio porte, com forte atua\u00e7\u00e3o no segmento de empr\u00e9stimos consignados a aposentados e pensionistas, come\u00e7aram a suspender esse tipo de financiamento a clientes com menos de 60 anos que est\u00e3o aposentados por invalidez.<\/p>\n<p>Isso porque 1,1 milh\u00e3o desses benef\u00edcios, concedidos h\u00e1 mais de dois anos, est\u00e3o sendo revisados, e quem for considerado apto a voltar ao mercado de trabalho ou n\u00e3o comparecer \u00e0 per\u00edcia perder\u00e1 a aposentadoria, segundo informou o Instituto Nacional do Seguro Social (INSS). Como a presta\u00e7\u00e3o do consignado \u00e9 descontada diretamente na folha de pagamento do INSS, os bancos temem que muitos desses clientes possam ficar inadimplentes.<\/p>\n<p>Em comunicado enviado a seus correspondentes banc\u00e1rios, financeiras encarregadas de captar clientes, o banco Daycoval, por exemplo, j\u00e1 informa que o cr\u00e9dito consignado a aposentados por invalidez s\u00f3 deve ser concedido a pessoas com mais de 60 anos, faixa et\u00e1ria que ficou fora da convoca\u00e7\u00e3o feita pelo INSS. Ou seja, o consignado para pensionistas com menos de 60 anos est\u00e1 suspenso no Daycoval.<\/p>\n<p>\u2014 N\u00e3o estamos fazendo mais consignados para quem tem menos de 60 anos e foi aposentado por invalidez para v\u00e1rios bancos \u2014 diz o funcion\u00e1rio de um correspondente banc\u00e1rio que, al\u00e9m do Daycoval, atende outros bancos.<\/p>\n<p>Procurado pelo GLOBO, o Daycoval n\u00e3o se pronunciou sobre o assunto. Outras institui\u00e7\u00f5es como o Safra e o China Construction Bank (CCB, que comprou o BicBanco, muito ativo nesse segmento de cr\u00e9dito) tamb\u00e9m enviaram circulares a seus correspondentes banc\u00e1rios informando que n\u00e3o \u201catendem aposentados pelo c\u00f3digo 32\u201d, que identifica o aposentado por invalidez, com menos de 60 anos. Procurado, o Safra disse que n\u00e3o comentaria o assunto. E nenhum representante do CCB foi encontrado para falar sobre a decis\u00e3o.<\/p>\n<p>O diretor de Estudos Econ\u00f4micos da Associa\u00e7\u00e3o Nacional dos Executivos de Finan\u00e7as (Anefac), Miguel Ribeiro de Oliveira, estima que os bancos m\u00e9dios representam cerca de 30% da oferta de cr\u00e9dito consignado.<\/p>\n<p><em>*O Globo<\/em><\/p>\n","protected":false},"excerpt":{"rendered":"<p>Mais de 1 milh\u00e3o de benef\u00edcios est\u00e3o sendo revisados O esfor\u00e7o do governo para estancar o d\u00e9ficit da Previd\u00eancia est\u00e1 trazendo consequ\u00eancias negativas para a oferta de cr\u00e9dito, j\u00e1 bastante restrita no pa\u00eds. Alguns bancos de m\u00e9dio porte, com forte atua\u00e7\u00e3o no segmento de empr\u00e9stimos consignados a aposentados e pensionistas, come\u00e7aram a suspender esse tipo [&hellip;]<\/p>\n","protected":false},"author":2,"featured_media":12780,"comment_status":"open","ping_status":"open","sticky":false,"template":"","format":"standard","meta":{"_acf_changed":false,"_monsterinsights_skip_tracking":false,"_monsterinsights_sitenote_active":false,"_monsterinsights_sitenote_note":"","_monsterinsights_sitenote_category":0,"_jetpack_memberships_contains_paid_content":false,"footnotes":"","jetpack_publicize_message":"","jetpack_publicize_feature_enabled":true,"jetpack_social_post_already_shared":true,"jetpack_social_options":{"image_generator_settings":{"template":"highway","default_image_id":0,"font":"","enabled":false},"version":2}},"categories":[5,1],"tags":[],"class_list":["post-12779","post","type-post","status-publish","format-standard","has-post-thumbnail","hentry","category-cotidiano","category-noticias"],"acf":[],"jetpack_publicize_connections":[],"jetpack_featured_media_url":"https:\/\/i0.wp.com\/blogdoeloiltoncajuhy.com.br\/site\/wp-content\/uploads\/2016\/10\/previdencia-inss-aposentadoria-trabalho-e1476354703906.jpg?fit=500%2C300&ssl=1","jetpack_sharing_enabled":true,"publishpress_future_workflow_manual_trigger":{"enabledWorkflows":[]},"_links":{"self":[{"href":"https:\/\/blogdoeloiltoncajuhy.com.br\/site\/wp-json\/wp\/v2\/posts\/12779","targetHints":{"allow":["GET"]}}],"collection":[{"href":"https:\/\/blogdoeloiltoncajuhy.com.br\/site\/wp-json\/wp\/v2\/posts"}],"about":[{"href":"https:\/\/blogdoeloiltoncajuhy.com.br\/site\/wp-json\/wp\/v2\/types\/post"}],"author":[{"embeddable":true,"href":"https:\/\/blogdoeloiltoncajuhy.com.br\/site\/wp-json\/wp\/v2\/users\/2"}],"replies":[{"embeddable":true,"href":"https:\/\/blogdoeloiltoncajuhy.com.br\/site\/wp-json\/wp\/v2\/comments?post=12779"}],"version-history":[{"count":1,"href":"https:\/\/blogdoeloiltoncajuhy.com.br\/site\/wp-json\/wp\/v2\/posts\/12779\/revisions"}],"predecessor-version":[{"id":12781,"href":"https:\/\/blogdoeloiltoncajuhy.com.br\/site\/wp-json\/wp\/v2\/posts\/12779\/revisions\/12781"}],"wp:featuredmedia":[{"embeddable":true,"href":"https:\/\/blogdoeloiltoncajuhy.com.br\/site\/wp-json\/wp\/v2\/media\/12780"}],"wp:attachment":[{"href":"https:\/\/blogdoeloiltoncajuhy.com.br\/site\/wp-json\/wp\/v2\/media?parent=12779"}],"wp:term":[{"taxonomy":"category","embeddable":true,"href":"https:\/\/blogdoeloiltoncajuhy.com.br\/site\/wp-json\/wp\/v2\/categories?post=12779"},{"taxonomy":"post_tag","embeddable":true,"href":"https:\/\/blogdoeloiltoncajuhy.com.br\/site\/wp-json\/wp\/v2\/tags?post=12779"}],"curies":[{"name":"wp","href":"https:\/\/api.w.org\/{rel}","templated":true}]}}