{"id":12776,"date":"2016-10-13T07:20:13","date_gmt":"2016-10-13T10:20:13","guid":{"rendered":"http:\/\/blogdoeloiltoncajuhy.com.br\/site\/?p=12776"},"modified":"2016-10-13T07:20:13","modified_gmt":"2016-10-13T10:20:13","slug":"saude-pode-perder-ate-r-743-bilhoes-em-20-anos-de-pec-do-teto-diz-ipea","status":"publish","type":"post","link":"https:\/\/blogdoeloiltoncajuhy.com.br\/site\/saude-pode-perder-ate-r-743-bilhoes-em-20-anos-de-pec-do-teto-diz-ipea\/","title":{"rendered":"Sa\u00fade pode perder at\u00e9 R$ 743 bilh\u00f5es em 20 anos de PEC do Teto, diz Ipea"},"content":{"rendered":"<p><a href=\"https:\/\/i0.wp.com\/blogdoeloiltoncajuhy.com.br\/site\/wp-content\/uploads\/2016\/10\/teto-saude.jpg\"><img data-recalc-dims=\"1\" fetchpriority=\"high\" decoding=\"async\" class=\"aligncenter size-full wp-image-12777\" src=\"https:\/\/i0.wp.com\/blogdoeloiltoncajuhy.com.br\/site\/wp-content\/uploads\/2016\/10\/teto-saude.jpg?resize=380%2C280\" alt=\"teto-saude\" width=\"380\" height=\"280\" srcset=\"https:\/\/i0.wp.com\/blogdoeloiltoncajuhy.com.br\/site\/wp-content\/uploads\/2016\/10\/teto-saude.jpg?w=380&amp;ssl=1 380w, https:\/\/i0.wp.com\/blogdoeloiltoncajuhy.com.br\/site\/wp-content\/uploads\/2016\/10\/teto-saude.jpg?resize=300%2C221&amp;ssl=1 300w, https:\/\/i0.wp.com\/blogdoeloiltoncajuhy.com.br\/site\/wp-content\/uploads\/2016\/10\/teto-saude.jpg?resize=250%2C184&amp;ssl=1 250w\" sizes=\"(max-width: 380px) 100vw, 380px\" \/><\/a>Um estudo feito pelo Instituto de Pesquisa Econ\u00f4mica Aplicada (Ipea), \u00f3rg\u00e3o vinculado ao Minist\u00e9rio do Planejamento, mostra que o Sistema \u00danico de Sa\u00fade (SUS) perder\u00e1 at\u00e9 R$ 743 bilh\u00f5es caso a Proposta de Emenda \u00e0 Constitui\u00e7\u00e3o (PEC) 241, aprovada nesta segunda-feira, 10, em primeiro turno na C\u00e2mara dos Deputados, passe a valer no Pa\u00eds. O texto-base da chamada PEC do Teto prev\u00ea que o crescimento das despesas do governo estar\u00e1 limitado \u00e0 infla\u00e7\u00e3o acumulada em 12 meses at\u00e9 junho do ano anterior por um per\u00edodo de 20 anos.<\/p>\n<p>\u201cA PEC 241 impactar\u00e1 negativamente o financiamento e a garantia do direito \u00e0 sa\u00fade no Brasil\u201d, afirma a nota t\u00e9cnica datada de setembro deste ano e assinada pelos pesquisadores Fabiola Sulpino Vieira e Rodrigo Pucci de S\u00e1 e Benevides.<\/p>\n<p>O estudo aponta que o gasto com sa\u00fade no Brasil \u00e9 de 4 a 7 vezes menor do que o de pa\u00edses que t\u00eam sistema universal de sa\u00fade, como Reino Unido e Fran\u00e7a, e inferior ao de pa\u00edses da Am\u00e9rica do Sul nos quais o direito \u00e0 sa\u00fade n\u00e3o \u00e9 universal (Argentina e Chile). Enquanto no Brasil o gasto com sa\u00fade em 2013 foi de US$ 591 per capita, no Reino Unido foi de US$ 2.766 e na Fran\u00e7a, US$ 3.360.<br \/>\nNa Am\u00e9rica do Sul, a Argentina gastou US$ 1.167 e o Chile, US$ 795. Em uma forte cr\u00edtica \u00e0 PEC, os pesquisadores afirmam que congelar o gasto em valores de 2016, por 20 anos, parte do pressuposto \u201cequivocado\u201d de que os recursos p\u00fablicos para a sa\u00fade j\u00e1 est\u00e3o em n\u00edveis adequados para a garantia do acesso aos bens e servi\u00e7os de sa\u00fade, e que a melhoria dos servi\u00e7os se resolveria a partir de ganhos de efici\u00eancia na aplica\u00e7\u00e3o dos recursos existentes.<\/p>\n<p>No entanto, a nota t\u00e9cnica afirma que o congelamento n\u00e3o garantir\u00e1 o mesmo grau de acesso e qualidade dos bens e servi\u00e7os \u00e0 popula\u00e7\u00e3o brasileira ao longo desse per\u00edodo, uma vez que a popula\u00e7\u00e3o aumentar\u00e1 e envelhecer\u00e1 de forma acelerada. Assim, o n\u00famero de idosos ter\u00e1 dobrado em vinte anos, o que ampliar\u00e1 a demanda e os custos do SUS. \u201cMesmo que se melhore a efici\u00eancia do SUS, objetivo sempre desej\u00e1vel, existe, do ponto de vista assistencial, d\u00e9ficit na oferta de servi\u00e7os em diversas regi\u00f5es do Pa\u00eds\u201d, diz o estudo.<\/p>\n<p>O ministro da Sa\u00fade, Ricardo Barros, afirmou que sua \u00e1rea, assim como a educa\u00e7\u00e3o, n\u00e3o perder\u00e1 investimentos com a PEC. O presidente Michel Temer tamb\u00e9m afirmou que as \u00e1reas n\u00e3o perder\u00e3o recursos. \u201cO teto (dos gastos) \u00e9 de natureza global. O que ser\u00e1 estabelecido \u00e9 um teto geral. N\u00e3o significa que existe um teto para sa\u00fade, para educa\u00e7\u00e3o, para cultura. Sa\u00fade e educa\u00e7\u00e3o continuar\u00e3o sendo prestigiadas\u201d, falou.<\/p>\n","protected":false},"excerpt":{"rendered":"<p>Um estudo feito pelo Instituto de Pesquisa Econ\u00f4mica Aplicada (Ipea), \u00f3rg\u00e3o vinculado ao Minist\u00e9rio do Planejamento, mostra que o Sistema \u00danico de Sa\u00fade (SUS) perder\u00e1 at\u00e9 R$ 743 bilh\u00f5es caso a Proposta de Emenda \u00e0 Constitui\u00e7\u00e3o (PEC) 241, aprovada nesta segunda-feira, 10, em primeiro turno na C\u00e2mara dos Deputados, passe a valer no Pa\u00eds. O [&hellip;]<\/p>\n","protected":false},"author":2,"featured_media":12777,"comment_status":"open","ping_status":"open","sticky":false,"template":"","format":"standard","meta":{"_acf_changed":false,"_monsterinsights_skip_tracking":false,"_monsterinsights_sitenote_active":false,"_monsterinsights_sitenote_note":"","_monsterinsights_sitenote_category":0,"_jetpack_memberships_contains_paid_content":false,"footnotes":"","jetpack_publicize_message":"","jetpack_publicize_feature_enabled":true,"jetpack_social_post_already_shared":true,"jetpack_social_options":{"image_generator_settings":{"template":"highway","default_image_id":0,"font":"","enabled":false},"version":2}},"categories":[1,7],"tags":[],"class_list":["post-12776","post","type-post","status-publish","format-standard","has-post-thumbnail","hentry","category-noticias","category-saude"],"acf":[],"jetpack_publicize_connections":[],"jetpack_featured_media_url":"https:\/\/i0.wp.com\/blogdoeloiltoncajuhy.com.br\/site\/wp-content\/uploads\/2016\/10\/teto-saude.jpg?fit=380%2C280&ssl=1","jetpack_sharing_enabled":true,"publishpress_future_workflow_manual_trigger":{"enabledWorkflows":[]},"_links":{"self":[{"href":"https:\/\/blogdoeloiltoncajuhy.com.br\/site\/wp-json\/wp\/v2\/posts\/12776","targetHints":{"allow":["GET"]}}],"collection":[{"href":"https:\/\/blogdoeloiltoncajuhy.com.br\/site\/wp-json\/wp\/v2\/posts"}],"about":[{"href":"https:\/\/blogdoeloiltoncajuhy.com.br\/site\/wp-json\/wp\/v2\/types\/post"}],"author":[{"embeddable":true,"href":"https:\/\/blogdoeloiltoncajuhy.com.br\/site\/wp-json\/wp\/v2\/users\/2"}],"replies":[{"embeddable":true,"href":"https:\/\/blogdoeloiltoncajuhy.com.br\/site\/wp-json\/wp\/v2\/comments?post=12776"}],"version-history":[{"count":1,"href":"https:\/\/blogdoeloiltoncajuhy.com.br\/site\/wp-json\/wp\/v2\/posts\/12776\/revisions"}],"predecessor-version":[{"id":12778,"href":"https:\/\/blogdoeloiltoncajuhy.com.br\/site\/wp-json\/wp\/v2\/posts\/12776\/revisions\/12778"}],"wp:featuredmedia":[{"embeddable":true,"href":"https:\/\/blogdoeloiltoncajuhy.com.br\/site\/wp-json\/wp\/v2\/media\/12777"}],"wp:attachment":[{"href":"https:\/\/blogdoeloiltoncajuhy.com.br\/site\/wp-json\/wp\/v2\/media?parent=12776"}],"wp:term":[{"taxonomy":"category","embeddable":true,"href":"https:\/\/blogdoeloiltoncajuhy.com.br\/site\/wp-json\/wp\/v2\/categories?post=12776"},{"taxonomy":"post_tag","embeddable":true,"href":"https:\/\/blogdoeloiltoncajuhy.com.br\/site\/wp-json\/wp\/v2\/tags?post=12776"}],"curies":[{"name":"wp","href":"https:\/\/api.w.org\/{rel}","templated":true}]}}