{"id":12772,"date":"2016-10-12T18:44:08","date_gmt":"2016-10-12T21:44:08","guid":{"rendered":"http:\/\/blogdoeloiltoncajuhy.com.br\/site\/?p=12772"},"modified":"2016-10-12T18:44:08","modified_gmt":"2016-10-12T21:44:08","slug":"comece-a-quinta-feira-meditando-evangelho-lc-1147-54","status":"publish","type":"post","link":"https:\/\/blogdoeloiltoncajuhy.com.br\/site\/comece-a-quinta-feira-meditando-evangelho-lc-1147-54\/","title":{"rendered":"COMECE A QUINTA-FEIRA MEDITANDO: Evangelho (Lc 11,47-54)"},"content":{"rendered":"<p><a href=\"https:\/\/i0.wp.com\/blogdoeloiltoncajuhy.com.br\/site\/wp-content\/uploads\/2015\/10\/liturgia_diaria.jpg\"><img data-recalc-dims=\"1\" fetchpriority=\"high\" decoding=\"async\" class=\"alignright wp-image-4757 size-medium\" src=\"https:\/\/i0.wp.com\/blogdoeloiltoncajuhy.com.br\/site\/wp-content\/uploads\/2015\/10\/liturgia_diaria.jpg?resize=300%2C227\" alt=\"liturgia_diaria\" width=\"300\" height=\"227\" srcset=\"https:\/\/i0.wp.com\/blogdoeloiltoncajuhy.com.br\/site\/wp-content\/uploads\/2015\/10\/liturgia_diaria.jpg?resize=300%2C227&amp;ssl=1 300w, https:\/\/i0.wp.com\/blogdoeloiltoncajuhy.com.br\/site\/wp-content\/uploads\/2015\/10\/liturgia_diaria.jpg?resize=250%2C189&amp;ssl=1 250w, https:\/\/i0.wp.com\/blogdoeloiltoncajuhy.com.br\/site\/wp-content\/uploads\/2015\/10\/liturgia_diaria.jpg?w=449&amp;ssl=1 449w\" sizes=\"(max-width: 300px) 100vw, 300px\" \/><\/a>Naquele tempo, disse o Senhor: \u201cAi de v\u00f3s, porque constru\u00eds os t\u00famulos dos profetas; no entanto, foram vossos pais que os mataram. Com isso, v\u00f3s sois testemunhas e aprovais as obras de vossos pais, pois eles mataram os profetas e v\u00f3s constru\u00eds os t\u00famulos.<\/p>\n<p>\u00c9 por isso que a sabedoria de Deus afirmou: Eu lhes enviarei profetas e ap\u00f3stolos, e eles matar\u00e3o e perseguir\u00e3o alguns deles, a fim de que se pe\u00e7am contas a esta gera\u00e7\u00e3o do sangue de todos os profetas, derramado desde a cria\u00e7\u00e3o do mundo, desde o sangue de Abel at\u00e9 o sangue de Zacarias, que foi morto entre o altar e o santu\u00e1rio.<\/p>\n<p>Sim, eu vos digo: ser\u00e3o pedidas contas disso a esta gera\u00e7\u00e3o. Ai de v\u00f3s, mestres da Lei, porque tomastes a chave da ci\u00eancia. V\u00f3s mesmos n\u00e3o entrastes, e ainda impedistes os que queriam entrar\u201d.<\/p>\n<p>Quando Jesus saiu da\u00ed, os mestres da Lei e os fariseus come\u00e7aram a trat\u00e1-lo mal, e a provoc\u00e1-lo sobre muitos pontos. Armaram ciladas, para peg\u00e1-lo de surpresa, por qualquer palavra que sa\u00edsse de sua boca.<\/p>\n<p><em>*Can\u00e7\u00e3o Nova<\/em><\/p>\n","protected":false},"excerpt":{"rendered":"<p>Naquele tempo, disse o Senhor: \u201cAi de v\u00f3s, porque constru\u00eds os t\u00famulos dos profetas; no entanto, foram vossos pais que os mataram. Com isso, v\u00f3s sois testemunhas e aprovais as obras de vossos pais, pois eles mataram os profetas e v\u00f3s constru\u00eds os t\u00famulos. \u00c9 por isso que a sabedoria de Deus afirmou: Eu lhes [&hellip;]<\/p>\n","protected":false},"author":2,"featured_media":0,"comment_status":"open","ping_status":"open","sticky":false,"template":"","format":"standard","meta":{"_acf_changed":false,"_monsterinsights_skip_tracking":false,"_monsterinsights_sitenote_active":false,"_monsterinsights_sitenote_note":"","_monsterinsights_sitenote_category":0,"_jetpack_memberships_contains_paid_content":false,"footnotes":"","jetpack_publicize_message":"","jetpack_publicize_feature_enabled":true,"jetpack_social_post_already_shared":true,"jetpack_social_options":{"image_generator_settings":{"template":"highway","default_image_id":0,"font":"","enabled":false},"version":2}},"categories":[1,9],"tags":[],"class_list":["post-12772","post","type-post","status-publish","format-standard","hentry","category-noticias","category-reflexao"],"acf":[],"jetpack_publicize_connections":[],"jetpack_featured_media_url":"","jetpack_sharing_enabled":true,"publishpress_future_workflow_manual_trigger":{"enabledWorkflows":[]},"_links":{"self":[{"href":"https:\/\/blogdoeloiltoncajuhy.com.br\/site\/wp-json\/wp\/v2\/posts\/12772","targetHints":{"allow":["GET"]}}],"collection":[{"href":"https:\/\/blogdoeloiltoncajuhy.com.br\/site\/wp-json\/wp\/v2\/posts"}],"about":[{"href":"https:\/\/blogdoeloiltoncajuhy.com.br\/site\/wp-json\/wp\/v2\/types\/post"}],"author":[{"embeddable":true,"href":"https:\/\/blogdoeloiltoncajuhy.com.br\/site\/wp-json\/wp\/v2\/users\/2"}],"replies":[{"embeddable":true,"href":"https:\/\/blogdoeloiltoncajuhy.com.br\/site\/wp-json\/wp\/v2\/comments?post=12772"}],"version-history":[{"count":1,"href":"https:\/\/blogdoeloiltoncajuhy.com.br\/site\/wp-json\/wp\/v2\/posts\/12772\/revisions"}],"predecessor-version":[{"id":12773,"href":"https:\/\/blogdoeloiltoncajuhy.com.br\/site\/wp-json\/wp\/v2\/posts\/12772\/revisions\/12773"}],"wp:attachment":[{"href":"https:\/\/blogdoeloiltoncajuhy.com.br\/site\/wp-json\/wp\/v2\/media?parent=12772"}],"wp:term":[{"taxonomy":"category","embeddable":true,"href":"https:\/\/blogdoeloiltoncajuhy.com.br\/site\/wp-json\/wp\/v2\/categories?post=12772"},{"taxonomy":"post_tag","embeddable":true,"href":"https:\/\/blogdoeloiltoncajuhy.com.br\/site\/wp-json\/wp\/v2\/tags?post=12772"}],"curies":[{"name":"wp","href":"https:\/\/api.w.org\/{rel}","templated":true}]}}