{"id":12767,"date":"2016-10-12T10:52:21","date_gmt":"2016-10-12T13:52:21","guid":{"rendered":"http:\/\/blogdoeloiltoncajuhy.com.br\/site\/?p=12767"},"modified":"2016-10-12T10:52:21","modified_gmt":"2016-10-12T13:52:21","slug":"igara-recebe-imagem-peregrina-de-nossa-senhora-aparecida","status":"publish","type":"post","link":"https:\/\/blogdoeloiltoncajuhy.com.br\/site\/igara-recebe-imagem-peregrina-de-nossa-senhora-aparecida\/","title":{"rendered":"Igara recebe Imagem Peregrina de Nossa Senhora Aparecida"},"content":{"rendered":"<p><a href=\"https:\/\/i0.wp.com\/blogdoeloiltoncajuhy.com.br\/site\/wp-content\/uploads\/2016\/10\/ImagemAparecidaIgara2-e1476280241740.jpg\"><img data-recalc-dims=\"1\" fetchpriority=\"high\" decoding=\"async\" class=\"aligncenter size-full wp-image-12769\" src=\"https:\/\/i0.wp.com\/blogdoeloiltoncajuhy.com.br\/site\/wp-content\/uploads\/2016\/10\/ImagemAparecidaIgara2-e1476280241740.jpg?resize=246%2C400\" alt=\"imagemaparecidaigara2\" width=\"246\" height=\"400\" \/><\/a>O distrito de Igara, interior de Senhor do Bonfim, est\u00e1 recebendo a visita da Imagem Peregrina de Nossa Senhora Aparecida. Nesta ter\u00e7a-feira (11), \u00e0s 19h, a imagem deixou a Igreja Matriz daquela localidade e seguiu para as ruas S\u00e3o Pedro e Baixada, onde houve\u00a0celebra\u00e7\u00e3o de missa.<\/p>\n<p>Hoje (12), Dia da Crian\u00e7a e de Nossa Senhora Aparecida, houve missa em a\u00e7\u00e3o de gra\u00e7as \u00e0 santa e \u00e0s crian\u00e7as, pela manh\u00e3, e a\u00a0partir das 15h30, acontecer\u00e1 o show de louvor com o minist\u00e9rio Arca da Alian\u00e7a no Igara Club.<\/p>\n<figure id=\"attachment_12768\" aria-describedby=\"caption-attachment-12768\" style=\"width: 225px\" class=\"wp-caption aligncenter\"><a href=\"https:\/\/i0.wp.com\/blogdoeloiltoncajuhy.com.br\/site\/wp-content\/uploads\/2016\/10\/ImagemAparecidaIgara1-e1476280276654.jpg\"><img data-recalc-dims=\"1\" decoding=\"async\" class=\"wp-image-12768 size-full\" src=\"https:\/\/i0.wp.com\/blogdoeloiltoncajuhy.com.br\/site\/wp-content\/uploads\/2016\/10\/ImagemAparecidaIgara1-e1476280276654.jpg?resize=225%2C400\" alt=\"imagemaparecidaigara1\" width=\"225\" height=\"400\" \/><\/a><figcaption id=\"caption-attachment-12768\" class=\"wp-caption-text\">Padre Elielton Cardoso, P\u00e1roco de Igara, conduz a imagem peregrina de Nossa Senhora Aparecida<\/figcaption><\/figure>\n<p>Quinta-feira, dia 13, ainda na igreja de Igara, haver\u00e1 adora\u00e7\u00e3o e missa. Sexta-feira, dia 14, a imagem vai pra V\u00e1rzea Comprida, e S\u00e1bado, dia 15, Caldeir\u00e3o de Dentro. Domingo dia 16 Igara. E Segunda-feira, dia 17, ser\u00e1 levada para a localidade de Pilar, em Jaguarari.<\/p>\n<p><em>*BLOG DO ELOILTON CAJUHY<\/em><\/p>\n","protected":false},"excerpt":{"rendered":"<p>O distrito de Igara, interior de Senhor do Bonfim, est\u00e1 recebendo a visita da Imagem Peregrina de Nossa Senhora Aparecida. Nesta ter\u00e7a-feira (11), \u00e0s 19h, a imagem deixou a Igreja Matriz daquela localidade e seguiu para as ruas S\u00e3o Pedro e Baixada, onde houve\u00a0celebra\u00e7\u00e3o de missa. Hoje (12), Dia da Crian\u00e7a e de Nossa Senhora [&hellip;]<\/p>\n","protected":false},"author":2,"featured_media":12769,"comment_status":"open","ping_status":"open","sticky":false,"template":"","format":"standard","meta":{"_acf_changed":false,"_monsterinsights_skip_tracking":false,"_monsterinsights_sitenote_active":false,"_monsterinsights_sitenote_note":"","_monsterinsights_sitenote_category":0,"_jetpack_memberships_contains_paid_content":false,"footnotes":"","jetpack_publicize_message":"","jetpack_publicize_feature_enabled":true,"jetpack_social_post_already_shared":true,"jetpack_social_options":{"image_generator_settings":{"template":"highway","default_image_id":0,"font":"","enabled":false},"version":2}},"categories":[5,1,4],"tags":[],"class_list":["post-12767","post","type-post","status-publish","format-standard","has-post-thumbnail","hentry","category-cotidiano","category-noticias","category-local"],"acf":[],"jetpack_publicize_connections":[],"jetpack_featured_media_url":"https:\/\/i0.wp.com\/blogdoeloiltoncajuhy.com.br\/site\/wp-content\/uploads\/2016\/10\/ImagemAparecidaIgara2-e1476280241740.jpg?fit=246%2C400&ssl=1","jetpack_sharing_enabled":true,"publishpress_future_workflow_manual_trigger":{"enabledWorkflows":[]},"_links":{"self":[{"href":"https:\/\/blogdoeloiltoncajuhy.com.br\/site\/wp-json\/wp\/v2\/posts\/12767","targetHints":{"allow":["GET"]}}],"collection":[{"href":"https:\/\/blogdoeloiltoncajuhy.com.br\/site\/wp-json\/wp\/v2\/posts"}],"about":[{"href":"https:\/\/blogdoeloiltoncajuhy.com.br\/site\/wp-json\/wp\/v2\/types\/post"}],"author":[{"embeddable":true,"href":"https:\/\/blogdoeloiltoncajuhy.com.br\/site\/wp-json\/wp\/v2\/users\/2"}],"replies":[{"embeddable":true,"href":"https:\/\/blogdoeloiltoncajuhy.com.br\/site\/wp-json\/wp\/v2\/comments?post=12767"}],"version-history":[{"count":1,"href":"https:\/\/blogdoeloiltoncajuhy.com.br\/site\/wp-json\/wp\/v2\/posts\/12767\/revisions"}],"predecessor-version":[{"id":12770,"href":"https:\/\/blogdoeloiltoncajuhy.com.br\/site\/wp-json\/wp\/v2\/posts\/12767\/revisions\/12770"}],"wp:featuredmedia":[{"embeddable":true,"href":"https:\/\/blogdoeloiltoncajuhy.com.br\/site\/wp-json\/wp\/v2\/media\/12769"}],"wp:attachment":[{"href":"https:\/\/blogdoeloiltoncajuhy.com.br\/site\/wp-json\/wp\/v2\/media?parent=12767"}],"wp:term":[{"taxonomy":"category","embeddable":true,"href":"https:\/\/blogdoeloiltoncajuhy.com.br\/site\/wp-json\/wp\/v2\/categories?post=12767"},{"taxonomy":"post_tag","embeddable":true,"href":"https:\/\/blogdoeloiltoncajuhy.com.br\/site\/wp-json\/wp\/v2\/tags?post=12767"}],"curies":[{"name":"wp","href":"https:\/\/api.w.org\/{rel}","templated":true}]}}