{"id":12764,"date":"2016-10-12T10:01:24","date_gmt":"2016-10-12T13:01:24","guid":{"rendered":"http:\/\/blogdoeloiltoncajuhy.com.br\/site\/?p=12764"},"modified":"2016-10-12T10:01:24","modified_gmt":"2016-10-12T13:01:24","slug":"bonfim-universitarios-farao-protesto-nesta-sexta-feira-14","status":"publish","type":"post","link":"https:\/\/blogdoeloiltoncajuhy.com.br\/site\/bonfim-universitarios-farao-protesto-nesta-sexta-feira-14\/","title":{"rendered":"BONFIM: Universit\u00e1rios far\u00e3o protesto nesta sexta-feira (14)"},"content":{"rendered":"<figure id=\"attachment_12765\" aria-describedby=\"caption-attachment-12765\" style=\"width: 500px\" class=\"wp-caption aligncenter\"><a href=\"https:\/\/i0.wp.com\/blogdoeloiltoncajuhy.com.br\/site\/wp-content\/uploads\/2016\/10\/protesto-educa%C3%A7%C3%A3o-e1476277254965.jpg\"><img data-recalc-dims=\"1\" fetchpriority=\"high\" decoding=\"async\" class=\"wp-image-12765 size-full\" src=\"https:\/\/i0.wp.com\/blogdoeloiltoncajuhy.com.br\/site\/wp-content\/uploads\/2016\/10\/protesto-educa%C3%A7%C3%A3o-e1476277254965.jpg?resize=500%2C333\" alt=\"protesto-educacao\" width=\"500\" height=\"333\" \/><\/a><figcaption id=\"caption-attachment-12765\" class=\"wp-caption-text\">Imagem ilustrativa (Google)<\/figcaption><\/figure>\n<p>Estudantes das institui\u00e7\u00f5es de ensino superior de Senhor do Bonfim, est\u00e3o convocando universit\u00e1rios da regi\u00e3o para uma caminhada pac\u00edfica, a ser realizada em nossa cidade, na pr\u00f3xima sexta-feira (14), contra a PEC 241, que limita os gastos p\u00fablicos no \u00e2mbito do governo federal.<\/p>\n<p>Os discentes entendem que a medida ir\u00e1 reduzir os investimentos na \u00e1rea de educa\u00e7\u00e3o, principalmente das universidades p\u00fablicas federais.<\/p>\n<p><strong>Confira o teor da convoca\u00e7\u00e3o que est\u00e1 sendo feita pelos estudantes universit\u00e1rios:<\/strong><\/p>\n<p><em><strong>&#8220;ATEN\u00c7\u00c3O!<\/strong><\/em><br \/>\n<em><strong>N\u00f3s, alunos universit\u00e1rios da regi\u00e3o, gostar\u00edamos de convidar toda a comunidade de Senhor do Bonfim para participar da caminhada pac\u00edfica, contra a implementa\u00e7\u00e3o de medidas e reformas na educa\u00e7\u00e3o do nosso pa\u00eds. Esse movimento vem pra lutar contra o retrocesso educacional e impedir que a PEC &#8211; 241 seja sancionada pelo nosso governo retr\u00f3grado, j\u00e1 que essa medida visa congelar os investimentos na educa\u00e7\u00e3o e sa\u00fade durante 20 anos e dessa forma prejudicando os discentes, futuros universit\u00e1rios, a sociedade como um todo e o futuro do nosso pa\u00eds. A educa\u00e7\u00e3o \u00e9 a melhor forma de mudar a vida do indiv\u00edduo e promover maiores oportunidades \u00e0\u00a0sociedade. Sendo assim, dinheiro aplicado nas universidades \u00e9 investimento e n\u00e3o gasto. Contamos com voc\u00ea nessa luta! No dia 14\/10 (sexta-feira) \u00e0s 16:00 horas, com concentra\u00e7\u00e3o na Pra\u00e7a Nova do Congresso iremos juntos lutar pela educa\u00e7\u00e3o!<\/strong><\/em><\/p>\n<p><em><strong>N\u00c3O VAMOS NOS CALAR! ESSA LUTA \u00c9 DE TODOS!<\/strong><\/em><\/p>\n<p><em><strong>Estudantes universit\u00e1rios da UNEB, UNIVASF e IF-BAIANO&#8221;<\/strong><\/em><\/p>\n<p><em>*BLOG DO ELOILTON CAJUHY<\/em><\/p>\n","protected":false},"excerpt":{"rendered":"<p>Estudantes das institui\u00e7\u00f5es de ensino superior de Senhor do Bonfim, est\u00e3o convocando universit\u00e1rios da regi\u00e3o para uma caminhada pac\u00edfica, a ser realizada em nossa cidade, na pr\u00f3xima sexta-feira (14), contra a PEC 241, que limita os gastos p\u00fablicos no \u00e2mbito do governo federal. Os discentes entendem que a medida ir\u00e1 reduzir os investimentos na \u00e1rea [&hellip;]<\/p>\n","protected":false},"author":2,"featured_media":12765,"comment_status":"open","ping_status":"open","sticky":false,"template":"","format":"standard","meta":{"_acf_changed":false,"_monsterinsights_skip_tracking":false,"_monsterinsights_sitenote_active":false,"_monsterinsights_sitenote_note":"","_monsterinsights_sitenote_category":0,"_jetpack_memberships_contains_paid_content":false,"footnotes":"","jetpack_publicize_message":"","jetpack_publicize_feature_enabled":true,"jetpack_social_post_already_shared":true,"jetpack_social_options":{"image_generator_settings":{"template":"highway","default_image_id":0,"font":"","enabled":false},"version":2}},"categories":[14,1,4],"tags":[],"class_list":["post-12764","post","type-post","status-publish","format-standard","has-post-thumbnail","hentry","category-educacao","category-noticias","category-local"],"acf":[],"jetpack_publicize_connections":[],"jetpack_featured_media_url":"https:\/\/i0.wp.com\/blogdoeloiltoncajuhy.com.br\/site\/wp-content\/uploads\/2016\/10\/protesto-educa%C3%A7%C3%A3o-e1476277254965.jpg?fit=500%2C333&ssl=1","jetpack_sharing_enabled":true,"publishpress_future_workflow_manual_trigger":{"enabledWorkflows":[]},"_links":{"self":[{"href":"https:\/\/blogdoeloiltoncajuhy.com.br\/site\/wp-json\/wp\/v2\/posts\/12764","targetHints":{"allow":["GET"]}}],"collection":[{"href":"https:\/\/blogdoeloiltoncajuhy.com.br\/site\/wp-json\/wp\/v2\/posts"}],"about":[{"href":"https:\/\/blogdoeloiltoncajuhy.com.br\/site\/wp-json\/wp\/v2\/types\/post"}],"author":[{"embeddable":true,"href":"https:\/\/blogdoeloiltoncajuhy.com.br\/site\/wp-json\/wp\/v2\/users\/2"}],"replies":[{"embeddable":true,"href":"https:\/\/blogdoeloiltoncajuhy.com.br\/site\/wp-json\/wp\/v2\/comments?post=12764"}],"version-history":[{"count":1,"href":"https:\/\/blogdoeloiltoncajuhy.com.br\/site\/wp-json\/wp\/v2\/posts\/12764\/revisions"}],"predecessor-version":[{"id":12766,"href":"https:\/\/blogdoeloiltoncajuhy.com.br\/site\/wp-json\/wp\/v2\/posts\/12764\/revisions\/12766"}],"wp:featuredmedia":[{"embeddable":true,"href":"https:\/\/blogdoeloiltoncajuhy.com.br\/site\/wp-json\/wp\/v2\/media\/12765"}],"wp:attachment":[{"href":"https:\/\/blogdoeloiltoncajuhy.com.br\/site\/wp-json\/wp\/v2\/media?parent=12764"}],"wp:term":[{"taxonomy":"category","embeddable":true,"href":"https:\/\/blogdoeloiltoncajuhy.com.br\/site\/wp-json\/wp\/v2\/categories?post=12764"},{"taxonomy":"post_tag","embeddable":true,"href":"https:\/\/blogdoeloiltoncajuhy.com.br\/site\/wp-json\/wp\/v2\/tags?post=12764"}],"curies":[{"name":"wp","href":"https:\/\/api.w.org\/{rel}","templated":true}]}}