{"id":12756,"date":"2016-10-11T19:06:57","date_gmt":"2016-10-11T22:06:57","guid":{"rendered":"http:\/\/blogdoeloiltoncajuhy.com.br\/site\/?p=12756"},"modified":"2016-10-11T19:06:57","modified_gmt":"2016-10-11T22:06:57","slug":"bonfim-preso-suspeito-de-matar-vigilante-do-inema-em-dezembro-do-ano-passado","status":"publish","type":"post","link":"https:\/\/blogdoeloiltoncajuhy.com.br\/site\/bonfim-preso-suspeito-de-matar-vigilante-do-inema-em-dezembro-do-ano-passado\/","title":{"rendered":"BONFIM: Preso suspeito de matar vigilante do INEMA em dezembro do ano passado"},"content":{"rendered":"<figure id=\"attachment_12757\" aria-describedby=\"caption-attachment-12757\" style=\"width: 405px\" class=\"wp-caption aligncenter\"><a href=\"https:\/\/i0.wp.com\/blogdoeloiltoncajuhy.com.br\/site\/wp-content\/uploads\/2016\/10\/rafinha.jpg\"><img data-recalc-dims=\"1\" fetchpriority=\"high\" decoding=\"async\" class=\"wp-image-12757 size-full\" src=\"https:\/\/i0.wp.com\/blogdoeloiltoncajuhy.com.br\/site\/wp-content\/uploads\/2016\/10\/rafinha.jpg?resize=405%2C540\" alt=\"rafinha\" width=\"405\" height=\"540\" srcset=\"https:\/\/i0.wp.com\/blogdoeloiltoncajuhy.com.br\/site\/wp-content\/uploads\/2016\/10\/rafinha.jpg?w=405&amp;ssl=1 405w, https:\/\/i0.wp.com\/blogdoeloiltoncajuhy.com.br\/site\/wp-content\/uploads\/2016\/10\/rafinha.jpg?resize=225%2C300&amp;ssl=1 225w, https:\/\/i0.wp.com\/blogdoeloiltoncajuhy.com.br\/site\/wp-content\/uploads\/2016\/10\/rafinha.jpg?resize=188%2C250&amp;ssl=1 188w\" sizes=\"(max-width: 405px) 100vw, 405px\" \/><\/a><figcaption id=\"caption-attachment-12757\" class=\"wp-caption-text\">Rafinha &#8211; suspeito de matar o vigilante Luiz Carlos (Foto: Pol\u00edcia Civil)<\/figcaption><\/figure>\n<p>Nesta ter\u00e7a-feira (11), Policiais Civis da 19 Coorpin, com sede em Senhor do Bonfim, ap\u00f3s intensa investiga\u00e7\u00e3o, localizaram e prenderam <strong>Rafael Marques Concei\u00e7\u00e3o<\/strong>, o &#8220;<strong>Rafinha<\/strong>&#8220;, acusado de de ser o autor da morte do vigilante do INEMA, Luiz Carlos Ferreira de Oliveira, 54 anos, fato ocorrido no dia 23 de dezembro do ano passado (<a href=\"http:\/\/blogdoeloiltoncajuhy.com.br\/site\/policia-de-bonfim-investiga-morte-de-vigilante-do-inema\/\"><strong>clique aqui<\/strong><\/a> e relembre o caso).<\/p>\n<p>Contra Rafinha j\u00e1 havia um Mandado de Pris\u00e3o Tempor\u00e1ria, decretado pelo Ju\u00edzo Criminal da Comarca de Senhor do Bonfim, ap\u00f3s representa\u00e7\u00e3o da Autoridade Policial. Segundo apurou a pol\u00edcia, o acusado teria entrado no pr\u00e9dio do \u00f3rg\u00e3o estadual, localizado nas Casas Populares, com o prop\u00f3sito de roubar objetos da referida institui\u00e7\u00e3o.<\/p>\n<p>O suposto autor, Rafael Marques, j\u00e1 foi condenado por roubo na cidade de Feira de Santana, e teria fugido logo ap\u00f3s a pr\u00e1tica do crime, sendo localizado ap\u00f3s investiga\u00e7\u00f5es incessantes produzidas pelo Servi\u00e7o de Intelig\u00eancia (SI) da 1\u00aa Delegacia Territorial de Senhor do Bonfim no dia de hoje. Agora, Rafinha encontra-se \u00e0\u00a0disposi\u00e7\u00e3o da Justi\u00e7a.<\/p>\n<figure id=\"attachment_6644\" aria-describedby=\"caption-attachment-6644\" style=\"width: 405px\" class=\"wp-caption aligncenter\"><a href=\"https:\/\/i0.wp.com\/blogdoeloiltoncajuhy.com.br\/site\/wp-content\/uploads\/2015\/12\/Luiz-Carlos_2-e1476223580852.jpg\"><img data-recalc-dims=\"1\" decoding=\"async\" class=\"wp-image-6644 size-full\" src=\"https:\/\/i0.wp.com\/blogdoeloiltoncajuhy.com.br\/site\/wp-content\/uploads\/2015\/12\/Luiz-Carlos_2-e1476223580852.jpg?resize=405%2C540\" alt=\"Luiz Carlos_2\" width=\"405\" height=\"540\" \/><\/a><figcaption id=\"caption-attachment-6644\" class=\"wp-caption-text\">Luiz Carlos &#8211; a v\u00edtima<\/figcaption><\/figure>\n<p><em>*BLOG DO ELOILTON CAJUHY &#8211; Com informa\u00e7\u00f5es da Pol\u00edcia Civil de Bonfim<\/em><\/p>\n","protected":false},"excerpt":{"rendered":"<p>Nesta ter\u00e7a-feira (11), Policiais Civis da 19 Coorpin, com sede em Senhor do Bonfim, ap\u00f3s intensa investiga\u00e7\u00e3o, localizaram e prenderam Rafael Marques Concei\u00e7\u00e3o, o &#8220;Rafinha&#8220;, acusado de de ser o autor da morte do vigilante do INEMA, Luiz Carlos Ferreira de Oliveira, 54 anos, fato ocorrido no dia 23 de dezembro do ano passado (clique [&hellip;]<\/p>\n","protected":false},"author":2,"featured_media":12757,"comment_status":"open","ping_status":"open","sticky":false,"template":"","format":"standard","meta":{"_acf_changed":false,"_monsterinsights_skip_tracking":false,"_monsterinsights_sitenote_active":false,"_monsterinsights_sitenote_note":"","_monsterinsights_sitenote_category":0,"_jetpack_memberships_contains_paid_content":false,"footnotes":"","jetpack_publicize_message":"","jetpack_publicize_feature_enabled":true,"jetpack_social_post_already_shared":true,"jetpack_social_options":{"image_generator_settings":{"template":"highway","default_image_id":0,"font":"","enabled":false},"version":2}},"categories":[5,1,4],"tags":[],"class_list":["post-12756","post","type-post","status-publish","format-standard","has-post-thumbnail","hentry","category-cotidiano","category-noticias","category-local"],"acf":[],"jetpack_publicize_connections":[],"jetpack_featured_media_url":"https:\/\/i0.wp.com\/blogdoeloiltoncajuhy.com.br\/site\/wp-content\/uploads\/2016\/10\/rafinha.jpg?fit=405%2C540&ssl=1","jetpack_sharing_enabled":true,"publishpress_future_workflow_manual_trigger":{"enabledWorkflows":[]},"_links":{"self":[{"href":"https:\/\/blogdoeloiltoncajuhy.com.br\/site\/wp-json\/wp\/v2\/posts\/12756","targetHints":{"allow":["GET"]}}],"collection":[{"href":"https:\/\/blogdoeloiltoncajuhy.com.br\/site\/wp-json\/wp\/v2\/posts"}],"about":[{"href":"https:\/\/blogdoeloiltoncajuhy.com.br\/site\/wp-json\/wp\/v2\/types\/post"}],"author":[{"embeddable":true,"href":"https:\/\/blogdoeloiltoncajuhy.com.br\/site\/wp-json\/wp\/v2\/users\/2"}],"replies":[{"embeddable":true,"href":"https:\/\/blogdoeloiltoncajuhy.com.br\/site\/wp-json\/wp\/v2\/comments?post=12756"}],"version-history":[{"count":1,"href":"https:\/\/blogdoeloiltoncajuhy.com.br\/site\/wp-json\/wp\/v2\/posts\/12756\/revisions"}],"predecessor-version":[{"id":12758,"href":"https:\/\/blogdoeloiltoncajuhy.com.br\/site\/wp-json\/wp\/v2\/posts\/12756\/revisions\/12758"}],"wp:featuredmedia":[{"embeddable":true,"href":"https:\/\/blogdoeloiltoncajuhy.com.br\/site\/wp-json\/wp\/v2\/media\/12757"}],"wp:attachment":[{"href":"https:\/\/blogdoeloiltoncajuhy.com.br\/site\/wp-json\/wp\/v2\/media?parent=12756"}],"wp:term":[{"taxonomy":"category","embeddable":true,"href":"https:\/\/blogdoeloiltoncajuhy.com.br\/site\/wp-json\/wp\/v2\/categories?post=12756"},{"taxonomy":"post_tag","embeddable":true,"href":"https:\/\/blogdoeloiltoncajuhy.com.br\/site\/wp-json\/wp\/v2\/tags?post=12756"}],"curies":[{"name":"wp","href":"https:\/\/api.w.org\/{rel}","templated":true}]}}