{"id":12749,"date":"2016-10-11T18:31:55","date_gmt":"2016-10-11T21:31:55","guid":{"rendered":"http:\/\/blogdoeloiltoncajuhy.com.br\/site\/?p=12749"},"modified":"2016-10-11T18:31:55","modified_gmt":"2016-10-11T21:31:55","slug":"encontro-reunira-distribuidores-de-toda-bahia-a-partir-de-quinta-no-litoral-norte","status":"publish","type":"post","link":"https:\/\/blogdoeloiltoncajuhy.com.br\/site\/encontro-reunira-distribuidores-de-toda-bahia-a-partir-de-quinta-no-litoral-norte\/","title":{"rendered":"Encontro reunir\u00e1 distribuidores de toda Bahia a partir de quinta no Litoral Norte"},"content":{"rendered":"<p><em><strong>Setor \u00e9 respons\u00e1vel pelo abastecimento de mais de 70 mil pontos de venda<\/strong><\/em><\/p>\n<p><a href=\"https:\/\/i0.wp.com\/blogdoeloiltoncajuhy.com.br\/site\/wp-content\/uploads\/2016\/10\/Encontro-ASDAB_01-e1476221460758.jpg\"><img data-recalc-dims=\"1\" fetchpriority=\"high\" decoding=\"async\" class=\"aligncenter size-full wp-image-12750\" src=\"https:\/\/i0.wp.com\/blogdoeloiltoncajuhy.com.br\/site\/wp-content\/uploads\/2016\/10\/Encontro-ASDAB_01-e1476221460758.jpg?resize=600%2C210\" alt=\"encontro-asdab_01\" width=\"600\" height=\"210\" \/><\/a>Respons\u00e1vel pelo abastecimento de mais de 70 mil pontos de venda em todo o estado, representando cerca de 2% do PIB baiano, o setor de distribui\u00e7\u00e3o vai se reunir a partir da pr\u00f3xima quinta-feira (13) no Vila Gal\u00e9 Mares Resort, em Guarajuba, no litoral norte. Cerca de 1,6 mil pessoas s\u00e3o esperadas no 14\u00ba Encontro Anual dos Agentes de Distribui\u00e7\u00e3o da Bahia.<\/p>\n<p>Na programa\u00e7\u00e3o, que segue at\u00e9 o dia 16, est\u00e3o previstas palestras com o comentarista econ\u00f4mico Carlos Sardenberg e o senador Cristovam Buarque. Uma feira de neg\u00f3cios, que no ano passado movimentou R$ 4,5 milh\u00f5es, reunir\u00e1 mais uma vez grande ind\u00fastrias e marcas conhecidas no mercado.<\/p>\n<p>\u201c\u00c9 uma oportunidade para discutirmos temas importantes para o setor, aprofundar conhecimento, analisar o momento econ\u00f4mico, al\u00e9m de conhecer as novidades da ind\u00fastria nacional\u201d, afirmou Antonio Cabral, presidente da Associa\u00e7\u00e3o dos Agentes de Distribui\u00e7\u00e3o da Bahia (ASDAB), realizadora do evento. Ele destacou a import\u00e2ncia do setor para a economia baiana. Segundo a consultoria Nielsen, 95% dos pequenos mercados (de um a quatro checkouts) e 40% dos supermercados m\u00e9dios (de cinco a 19 checkouts) do estado s\u00e3o abastecidos pelos agentes de distribui\u00e7\u00e3o.<\/p>\n<p><strong>Feira \u2013<\/strong> Um dos destaques do evento \u00e9 a Feira de Neg\u00f3cios. Nela, expositores mostram as novidades e divulgam seus produtos aos convencionais. Estar\u00e3o presentes marcas como Unilever, Mondelez, Marat\u00e1, Banco do Nordeste, Hipermarcas, Ind\u00fastrias Muller, Coty, Invicto, Volkswagen, Serasa Experian, Brilux, Martins, Iveco, Bravo Caminh\u00f5es, Localiza, Vitamilho, Palmeiron, Pernod, Vin\u00edcola Campestre, Tei\u00fa, Bonare, Superbarba, Empilha, GH Sa\u00fade, Alterdata, Flora, M\u00e1xima Sistemas, Diaper, Dusul Alimentos, Jazam, Cobi, Nutricash, Checkrota, PC Sistemas, ConnicTel, Chiacchio, Reposit, entre v\u00e1rias outras.<\/p>\n<p><strong>Palestras &#8211;<\/strong> O jornalista econ\u00f4mico Carlos Alberto Sardenberg e o senador Cristovam Buarque ser\u00e3o palestrantes no Encontro dos Agentes de Distribui\u00e7\u00e3o da Bahia. O comentarista do Jornal da Globo (Rede Globo), do Jornal das Dez (Globonews) e da r\u00e1dio CBN vai falar sobre o momento econ\u00f4mico e as perspectivas e cen\u00e1rios para o mercado.<\/p>\n<p>Cristovam Buarque vem, h\u00e1 anos, defendendo a educa\u00e7\u00e3o como \u00fanica forma de garantir que o Brasil se desenvolva social, econ\u00f4mica e tecnologicamente. No evento, ele ainda vai falar sobre o momento pol\u00edtico por que passa o pa\u00eds.<\/p>\n<p><a href=\"https:\/\/i0.wp.com\/blogdoeloiltoncajuhy.com.br\/site\/wp-content\/uploads\/2016\/10\/Encontro-ASDAB_02-e1476221502879.jpg\"><img data-recalc-dims=\"1\" decoding=\"async\" class=\"aligncenter size-full wp-image-12751\" src=\"https:\/\/i0.wp.com\/blogdoeloiltoncajuhy.com.br\/site\/wp-content\/uploads\/2016\/10\/Encontro-ASDAB_02-e1476221502879.jpg?resize=500%2C333\" alt=\"encontro-asdab_02\" width=\"500\" height=\"333\" \/><\/a>O Encontro tamb\u00e9m contar\u00e1 com palestras t\u00e9cnicas. Uma delas ser\u00e1 com o professor e consultor de empresas Jair Santos, com o tema \u201cDescomplicando a lideran\u00e7a e a gest\u00e3o em vendas\u201d. A outra ser\u00e1 com o especialista em governan\u00e7a corporativa em empresas familiares Paulo Cannizzaro, com o tema \u201cGovernan\u00e7a corporativa e reestrutura\u00e7\u00e3o societ\u00e1ria em empresas familiares\u201d.<\/p>\n<p>Os 1,6 mil convencionais, que estar\u00e3o hospedados no resort durante os quatro dias, tamb\u00e9m ter\u00e3o momentos de lazer e entretenimento. Durante tr\u00eas noites, o evento ser\u00e1 animado pelas bandas Timbalada, Cheiro de Amor e Alavont\u00ea.<\/p>\n<p><em>*Associa\u00e7\u00e3o dos Agentes de Distribui\u00e7\u00e3o da Bahia\/Assessoria de Comunica\u00e7\u00e3o<\/em><\/p>\n","protected":false},"excerpt":{"rendered":"<p>Setor \u00e9 respons\u00e1vel pelo abastecimento de mais de 70 mil pontos de venda Respons\u00e1vel pelo abastecimento de mais de 70 mil pontos de venda em todo o estado, representando cerca de 2% do PIB baiano, o setor de distribui\u00e7\u00e3o vai se reunir a partir da pr\u00f3xima quinta-feira (13) no Vila Gal\u00e9 Mares Resort, em Guarajuba, [&hellip;]<\/p>\n","protected":false},"author":2,"featured_media":12751,"comment_status":"open","ping_status":"open","sticky":false,"template":"","format":"standard","meta":{"_acf_changed":false,"_monsterinsights_skip_tracking":false,"_monsterinsights_sitenote_active":false,"_monsterinsights_sitenote_note":"","_monsterinsights_sitenote_category":0,"_jetpack_memberships_contains_paid_content":false,"footnotes":"","jetpack_publicize_message":"","jetpack_publicize_feature_enabled":true,"jetpack_social_post_already_shared":true,"jetpack_social_options":{"image_generator_settings":{"template":"highway","default_image_id":0,"font":"","enabled":false},"version":2}},"categories":[5,1],"tags":[],"class_list":["post-12749","post","type-post","status-publish","format-standard","has-post-thumbnail","hentry","category-cotidiano","category-noticias"],"acf":[],"jetpack_publicize_connections":[],"jetpack_featured_media_url":"https:\/\/i0.wp.com\/blogdoeloiltoncajuhy.com.br\/site\/wp-content\/uploads\/2016\/10\/Encontro-ASDAB_02-e1476221502879.jpg?fit=500%2C333&ssl=1","jetpack_sharing_enabled":true,"publishpress_future_workflow_manual_trigger":{"enabledWorkflows":[]},"_links":{"self":[{"href":"https:\/\/blogdoeloiltoncajuhy.com.br\/site\/wp-json\/wp\/v2\/posts\/12749","targetHints":{"allow":["GET"]}}],"collection":[{"href":"https:\/\/blogdoeloiltoncajuhy.com.br\/site\/wp-json\/wp\/v2\/posts"}],"about":[{"href":"https:\/\/blogdoeloiltoncajuhy.com.br\/site\/wp-json\/wp\/v2\/types\/post"}],"author":[{"embeddable":true,"href":"https:\/\/blogdoeloiltoncajuhy.com.br\/site\/wp-json\/wp\/v2\/users\/2"}],"replies":[{"embeddable":true,"href":"https:\/\/blogdoeloiltoncajuhy.com.br\/site\/wp-json\/wp\/v2\/comments?post=12749"}],"version-history":[{"count":1,"href":"https:\/\/blogdoeloiltoncajuhy.com.br\/site\/wp-json\/wp\/v2\/posts\/12749\/revisions"}],"predecessor-version":[{"id":12752,"href":"https:\/\/blogdoeloiltoncajuhy.com.br\/site\/wp-json\/wp\/v2\/posts\/12749\/revisions\/12752"}],"wp:featuredmedia":[{"embeddable":true,"href":"https:\/\/blogdoeloiltoncajuhy.com.br\/site\/wp-json\/wp\/v2\/media\/12751"}],"wp:attachment":[{"href":"https:\/\/blogdoeloiltoncajuhy.com.br\/site\/wp-json\/wp\/v2\/media?parent=12749"}],"wp:term":[{"taxonomy":"category","embeddable":true,"href":"https:\/\/blogdoeloiltoncajuhy.com.br\/site\/wp-json\/wp\/v2\/categories?post=12749"},{"taxonomy":"post_tag","embeddable":true,"href":"https:\/\/blogdoeloiltoncajuhy.com.br\/site\/wp-json\/wp\/v2\/tags?post=12749"}],"curies":[{"name":"wp","href":"https:\/\/api.w.org\/{rel}","templated":true}]}}