{"id":12740,"date":"2016-10-11T07:01:22","date_gmt":"2016-10-11T10:01:22","guid":{"rendered":"http:\/\/blogdoeloiltoncajuhy.com.br\/site\/?p=12740"},"modified":"2016-10-11T07:01:22","modified_gmt":"2016-10-11T10:01:22","slug":"camara-aprova-pec-dos-gastos-publicos-em-primeiro-turno","status":"publish","type":"post","link":"https:\/\/blogdoeloiltoncajuhy.com.br\/site\/camara-aprova-pec-dos-gastos-publicos-em-primeiro-turno\/","title":{"rendered":"C\u00e2mara aprova PEC dos Gastos P\u00fablicos em primeiro turno"},"content":{"rendered":"<p>O Plen\u00e1rio da C\u00e2mara aprovou ontem\u00a0(10), por 366 votos a 111 e duas absten\u00e7\u00f5es, a Proposta de Emenda \u00e0 Constitui\u00e7\u00e3o (PEC) 241\/16, que fixa um teto para os gastos p\u00fablicos por 20 anos. O texto foi aprovado em primeiro turno e precisa passar por nova vota\u00e7\u00e3o no plen\u00e1rio. Tamb\u00e9m falta votar os destaques da PEC.<\/p>\n<figure id=\"attachment_12741\" aria-describedby=\"caption-attachment-12741\" style=\"width: 580px\" class=\"wp-caption aligncenter\"><a href=\"https:\/\/i0.wp.com\/blogdoeloiltoncajuhy.com.br\/site\/wp-content\/uploads\/2016\/10\/c%C3%A2mara-plen%C3%A1rio.jpg\"><img data-recalc-dims=\"1\" fetchpriority=\"high\" decoding=\"async\" class=\"wp-image-12741 size-full\" src=\"https:\/\/i0.wp.com\/blogdoeloiltoncajuhy.com.br\/site\/wp-content\/uploads\/2016\/10\/c%C3%A2mara-plen%C3%A1rio.jpg?resize=580%2C388\" alt=\"camara-plenario\" width=\"580\" height=\"388\" srcset=\"https:\/\/i0.wp.com\/blogdoeloiltoncajuhy.com.br\/site\/wp-content\/uploads\/2016\/10\/c%C3%A2mara-plen%C3%A1rio.jpg?w=580&amp;ssl=1 580w, https:\/\/i0.wp.com\/blogdoeloiltoncajuhy.com.br\/site\/wp-content\/uploads\/2016\/10\/c%C3%A2mara-plen%C3%A1rio.jpg?resize=300%2C201&amp;ssl=1 300w, https:\/\/i0.wp.com\/blogdoeloiltoncajuhy.com.br\/site\/wp-content\/uploads\/2016\/10\/c%C3%A2mara-plen%C3%A1rio.jpg?resize=250%2C167&amp;ssl=1 250w\" sizes=\"(max-width: 580px) 100vw, 580px\" \/><\/a><figcaption id=\"caption-attachment-12741\" class=\"wp-caption-text\">O texto da PEC 241-16 foi aprovado em primeiro turno e precisa passar por nova vota\u00e7\u00e3o no plen\u00e1rio (Foto: Fabio Rodrigues Pozzebom\/Ag\u00eancia Brasil)<\/figcaption><\/figure>\n<p>Para ser aprovada, a PEC precisava de, no m\u00ednimo, 308 votos. O governo havia anunciado que tinha cerca de 350 votos para aprovar a proposta, considerada pelo Executivo como essencial para promover o controle dos gastos p\u00fablicos e reequilibrar as contas.<\/p>\n<p>A PEC cria um teto de despesas prim\u00e1rias federais que ser\u00e1 reajustado pelo \u00cdndice Nacional de Pre\u00e7os ao Consumidor Amplo (IPCA), impondo limites individualizados para os poderes Executuivo, Judici\u00e1rio e Legislativo.<\/p>\n<p>Em termos pr\u00e1ticos, a proposta de Novo Regime Fiscal se prop\u00f5e a limitar, durante 20 anos, o ritmo de crescimento dos gastos da Uni\u00e3o \u00e0 taxa de infla\u00e7\u00e3o. Quem descumprir o limite ser\u00e1 penalizado e ficar\u00e1 impedido de contratar pessoal, fazer concurso p\u00fablico, conceder reajuste aos servidores, criar cargos ou fun\u00e7\u00e3o que implique em aumento de despesa e alterar a estrutura de carreira que implique aumento de despesa.<\/p>\n<p>Pelo texto aprovado, as despesas com sa\u00fade e educa\u00e7\u00e3o deixar\u00e3o de representar uma parcela fixa da receita da Uni\u00e3o a partir de 2018, tendo garantida apenas a corre\u00e7\u00e3o pela infla\u00e7\u00e3o, como as demais despesas. Para 2017, excepcionalmente, a sa\u00fade ficar\u00e1 com 15% da receita corrente l\u00edquida e a educa\u00e7\u00e3o, 18% da arrecada\u00e7\u00e3o de impostos.<\/p>\n<p><strong>Voto de ministros<\/strong><\/p>\n<p>Tr\u00eas ministros foram exonerados pelo presidente da Rep\u00fablica, Michel Temer, para votar favoravelmente \u00e0 mat\u00e9ria. Inicialmente, Temer exonerou os ministros Bruno Ara\u00fajo (PSDB-PE), do Minist\u00e9rio das Cidades, e Fernando Coelho Filho (PSB-PE), do Minist\u00e9rio de Minas e Energia. A decis\u00e3o foi publicada na edi\u00e7\u00e3o regular do Di\u00e1rio Oficial de hoje.<\/p>\n<p>No final da tarde, foi a vez do ministro do Turismo, Marx Beltr\u00e3o, ser exonerado. A exonera\u00e7\u00e3o foi publicada em edi\u00e7\u00e3o extra do Di\u00e1rio Oficial da Uni\u00e3o.<\/p>\n<p><em>*Ag\u00eancia Brasil<\/em><\/p>\n","protected":false},"excerpt":{"rendered":"<p>O Plen\u00e1rio da C\u00e2mara aprovou ontem\u00a0(10), por 366 votos a 111 e duas absten\u00e7\u00f5es, a Proposta de Emenda \u00e0 Constitui\u00e7\u00e3o (PEC) 241\/16, que fixa um teto para os gastos p\u00fablicos por 20 anos. O texto foi aprovado em primeiro turno e precisa passar por nova vota\u00e7\u00e3o no plen\u00e1rio. Tamb\u00e9m falta votar os destaques da PEC. [&hellip;]<\/p>\n","protected":false},"author":2,"featured_media":12741,"comment_status":"open","ping_status":"open","sticky":false,"template":"","format":"standard","meta":{"_acf_changed":false,"_monsterinsights_skip_tracking":false,"_monsterinsights_sitenote_active":false,"_monsterinsights_sitenote_note":"","_monsterinsights_sitenote_category":0,"_jetpack_memberships_contains_paid_content":false,"footnotes":"","jetpack_publicize_message":"","jetpack_publicize_feature_enabled":true,"jetpack_social_post_already_shared":true,"jetpack_social_options":{"image_generator_settings":{"template":"highway","default_image_id":0,"font":"","enabled":false},"version":2}},"categories":[1,3],"tags":[],"class_list":["post-12740","post","type-post","status-publish","format-standard","has-post-thumbnail","hentry","category-noticias","category-politica"],"acf":[],"jetpack_publicize_connections":[],"jetpack_featured_media_url":"https:\/\/i0.wp.com\/blogdoeloiltoncajuhy.com.br\/site\/wp-content\/uploads\/2016\/10\/c%C3%A2mara-plen%C3%A1rio.jpg?fit=580%2C388&ssl=1","jetpack_sharing_enabled":true,"publishpress_future_workflow_manual_trigger":{"enabledWorkflows":[]},"_links":{"self":[{"href":"https:\/\/blogdoeloiltoncajuhy.com.br\/site\/wp-json\/wp\/v2\/posts\/12740","targetHints":{"allow":["GET"]}}],"collection":[{"href":"https:\/\/blogdoeloiltoncajuhy.com.br\/site\/wp-json\/wp\/v2\/posts"}],"about":[{"href":"https:\/\/blogdoeloiltoncajuhy.com.br\/site\/wp-json\/wp\/v2\/types\/post"}],"author":[{"embeddable":true,"href":"https:\/\/blogdoeloiltoncajuhy.com.br\/site\/wp-json\/wp\/v2\/users\/2"}],"replies":[{"embeddable":true,"href":"https:\/\/blogdoeloiltoncajuhy.com.br\/site\/wp-json\/wp\/v2\/comments?post=12740"}],"version-history":[{"count":1,"href":"https:\/\/blogdoeloiltoncajuhy.com.br\/site\/wp-json\/wp\/v2\/posts\/12740\/revisions"}],"predecessor-version":[{"id":12742,"href":"https:\/\/blogdoeloiltoncajuhy.com.br\/site\/wp-json\/wp\/v2\/posts\/12740\/revisions\/12742"}],"wp:featuredmedia":[{"embeddable":true,"href":"https:\/\/blogdoeloiltoncajuhy.com.br\/site\/wp-json\/wp\/v2\/media\/12741"}],"wp:attachment":[{"href":"https:\/\/blogdoeloiltoncajuhy.com.br\/site\/wp-json\/wp\/v2\/media?parent=12740"}],"wp:term":[{"taxonomy":"category","embeddable":true,"href":"https:\/\/blogdoeloiltoncajuhy.com.br\/site\/wp-json\/wp\/v2\/categories?post=12740"},{"taxonomy":"post_tag","embeddable":true,"href":"https:\/\/blogdoeloiltoncajuhy.com.br\/site\/wp-json\/wp\/v2\/tags?post=12740"}],"curies":[{"name":"wp","href":"https:\/\/api.w.org\/{rel}","templated":true}]}}