{"id":12712,"date":"2016-10-10T07:31:08","date_gmt":"2016-10-10T10:31:08","guid":{"rendered":"http:\/\/blogdoeloiltoncajuhy.com.br\/site\/?p=12712"},"modified":"2016-10-10T07:31:08","modified_gmt":"2016-10-10T10:31:08","slug":"comece-a-segunda-feira-meditando-evangelho-lc-1129-32","status":"publish","type":"post","link":"https:\/\/blogdoeloiltoncajuhy.com.br\/site\/comece-a-segunda-feira-meditando-evangelho-lc-1129-32\/","title":{"rendered":"COMECE A SEGUNDA-FEIRA MEDITANDO: Evangelho (Lc 11,29-32)"},"content":{"rendered":"<p><a href=\"https:\/\/i0.wp.com\/blogdoeloiltoncajuhy.com.br\/site\/wp-content\/uploads\/2015\/10\/liturgia_diaria.jpg\"><img data-recalc-dims=\"1\" fetchpriority=\"high\" decoding=\"async\" class=\"aligncenter wp-image-4757 size-medium\" src=\"https:\/\/i0.wp.com\/blogdoeloiltoncajuhy.com.br\/site\/wp-content\/uploads\/2015\/10\/liturgia_diaria.jpg?resize=300%2C227\" alt=\"liturgia_diaria\" width=\"300\" height=\"227\" srcset=\"https:\/\/i0.wp.com\/blogdoeloiltoncajuhy.com.br\/site\/wp-content\/uploads\/2015\/10\/liturgia_diaria.jpg?resize=300%2C227&amp;ssl=1 300w, https:\/\/i0.wp.com\/blogdoeloiltoncajuhy.com.br\/site\/wp-content\/uploads\/2015\/10\/liturgia_diaria.jpg?resize=250%2C189&amp;ssl=1 250w, https:\/\/i0.wp.com\/blogdoeloiltoncajuhy.com.br\/site\/wp-content\/uploads\/2015\/10\/liturgia_diaria.jpg?w=449&amp;ssl=1 449w\" sizes=\"(max-width: 300px) 100vw, 300px\" \/><\/a>Naquele tempo, quando as multid\u00f5es se reuniram em grande quantidade, Jesus come\u00e7ou a dizer: \u201cEsta gera\u00e7\u00e3o \u00e9 uma gera\u00e7\u00e3o m\u00e1. Ela busca um sinal, mas nenhum sinal lhe ser\u00e1 dado, a n\u00e3o ser o sinal de Jonas. Com efeito, assim como Jonas foi um sinal para os ninivitas, assim tamb\u00e9m ser\u00e1 o Filho do Homem para esta gera\u00e7\u00e3o. No dia do julgamento, a rainha do Sul se levantar\u00e1 juntamente com os homens desta gera\u00e7\u00e3o, e os condenar\u00e1. Porque ela veio de uma terra distante para ouvir a sabedoria do Salom\u00e3o. E aqui est\u00e1 quem \u00e9 maior do que Salom\u00e3o. No dia do julgamento, os ninivitas se levantar\u00e3o juntamente com esta gera\u00e7\u00e3o e a condenar\u00e3o. Porque eles se converteram quando ouviram a prega\u00e7\u00e3o de Jonas. E aqui est\u00e1 quem \u00e9 maior do que Jonas\u201d.<\/p>\n<p><em>*Can\u00e7\u00e3o Nova<\/em><\/p>\n","protected":false},"excerpt":{"rendered":"<p>Naquele tempo, quando as multid\u00f5es se reuniram em grande quantidade, Jesus come\u00e7ou a dizer: \u201cEsta gera\u00e7\u00e3o \u00e9 uma gera\u00e7\u00e3o m\u00e1. Ela busca um sinal, mas nenhum sinal lhe ser\u00e1 dado, a n\u00e3o ser o sinal de Jonas. Com efeito, assim como Jonas foi um sinal para os ninivitas, assim tamb\u00e9m ser\u00e1 o Filho do Homem [&hellip;]<\/p>\n","protected":false},"author":2,"featured_media":0,"comment_status":"open","ping_status":"open","sticky":false,"template":"","format":"standard","meta":{"_acf_changed":false,"_monsterinsights_skip_tracking":false,"_monsterinsights_sitenote_active":false,"_monsterinsights_sitenote_note":"","_monsterinsights_sitenote_category":0,"_jetpack_memberships_contains_paid_content":false,"footnotes":"","jetpack_publicize_message":"","jetpack_publicize_feature_enabled":true,"jetpack_social_post_already_shared":true,"jetpack_social_options":{"image_generator_settings":{"template":"highway","default_image_id":0,"font":"","enabled":false},"version":2}},"categories":[1,9],"tags":[],"class_list":["post-12712","post","type-post","status-publish","format-standard","hentry","category-noticias","category-reflexao"],"acf":[],"jetpack_publicize_connections":[],"jetpack_featured_media_url":"","jetpack_sharing_enabled":true,"publishpress_future_workflow_manual_trigger":{"enabledWorkflows":[]},"_links":{"self":[{"href":"https:\/\/blogdoeloiltoncajuhy.com.br\/site\/wp-json\/wp\/v2\/posts\/12712","targetHints":{"allow":["GET"]}}],"collection":[{"href":"https:\/\/blogdoeloiltoncajuhy.com.br\/site\/wp-json\/wp\/v2\/posts"}],"about":[{"href":"https:\/\/blogdoeloiltoncajuhy.com.br\/site\/wp-json\/wp\/v2\/types\/post"}],"author":[{"embeddable":true,"href":"https:\/\/blogdoeloiltoncajuhy.com.br\/site\/wp-json\/wp\/v2\/users\/2"}],"replies":[{"embeddable":true,"href":"https:\/\/blogdoeloiltoncajuhy.com.br\/site\/wp-json\/wp\/v2\/comments?post=12712"}],"version-history":[{"count":1,"href":"https:\/\/blogdoeloiltoncajuhy.com.br\/site\/wp-json\/wp\/v2\/posts\/12712\/revisions"}],"predecessor-version":[{"id":12713,"href":"https:\/\/blogdoeloiltoncajuhy.com.br\/site\/wp-json\/wp\/v2\/posts\/12712\/revisions\/12713"}],"wp:attachment":[{"href":"https:\/\/blogdoeloiltoncajuhy.com.br\/site\/wp-json\/wp\/v2\/media?parent=12712"}],"wp:term":[{"taxonomy":"category","embeddable":true,"href":"https:\/\/blogdoeloiltoncajuhy.com.br\/site\/wp-json\/wp\/v2\/categories?post=12712"},{"taxonomy":"post_tag","embeddable":true,"href":"https:\/\/blogdoeloiltoncajuhy.com.br\/site\/wp-json\/wp\/v2\/tags?post=12712"}],"curies":[{"name":"wp","href":"https:\/\/api.w.org\/{rel}","templated":true}]}}