{"id":12689,"date":"2016-10-07T20:40:48","date_gmt":"2016-10-07T23:40:48","guid":{"rendered":"http:\/\/blogdoeloiltoncajuhy.com.br\/site\/?p=12689"},"modified":"2016-10-07T20:40:48","modified_gmt":"2016-10-07T23:40:48","slug":"policia-homem-esta-preso-em-bonfim-acusado-de-abusar-de-enteadas-uma-delas-e-especial","status":"publish","type":"post","link":"https:\/\/blogdoeloiltoncajuhy.com.br\/site\/policia-homem-esta-preso-em-bonfim-acusado-de-abusar-de-enteadas-uma-delas-e-especial\/","title":{"rendered":"POL\u00cdCIA: Homem est\u00e1 preso em Bonfim acusado de abusar de enteadas. Uma delas \u00e9 especial"},"content":{"rendered":"<figure id=\"attachment_12690\" aria-describedby=\"caption-attachment-12690\" style=\"width: 345px\" class=\"wp-caption aligncenter\"><a href=\"https:\/\/i0.wp.com\/blogdoeloiltoncajuhy.com.br\/site\/wp-content\/uploads\/2016\/10\/adenilson.jpg\"><img data-recalc-dims=\"1\" fetchpriority=\"high\" decoding=\"async\" class=\"wp-image-12690 size-full\" src=\"https:\/\/i0.wp.com\/blogdoeloiltoncajuhy.com.br\/site\/wp-content\/uploads\/2016\/10\/adenilson.jpg?resize=345%2C460\" alt=\"adenilson\" width=\"345\" height=\"460\" srcset=\"https:\/\/i0.wp.com\/blogdoeloiltoncajuhy.com.br\/site\/wp-content\/uploads\/2016\/10\/adenilson.jpg?w=345&amp;ssl=1 345w, https:\/\/i0.wp.com\/blogdoeloiltoncajuhy.com.br\/site\/wp-content\/uploads\/2016\/10\/adenilson.jpg?resize=225%2C300&amp;ssl=1 225w, https:\/\/i0.wp.com\/blogdoeloiltoncajuhy.com.br\/site\/wp-content\/uploads\/2016\/10\/adenilson.jpg?resize=188%2C250&amp;ssl=1 188w\" sizes=\"(max-width: 345px) 100vw, 345px\" \/><\/a><figcaption id=\"caption-attachment-12690\" class=\"wp-caption-text\">Adenilson come\u00e7ou a abusar das enteadas quando elas ainda eram menores de idade, segundo a pol\u00edcia (Foto: Pol\u00edcia Civil)<\/figcaption><\/figure>\n<p>Est\u00e1 preso no Complexo Policial de Senhor do Bonfim, um homem identificado como <strong>Adenilson Luiz de Jesus Santos<\/strong>, 45 anos, acusado de estuprar duas enteadas.<\/p>\n<p>Segundo informa\u00e7\u00f5es da Pol\u00edcia Civil de Bonfim, que efetuou a pris\u00e3o do acusado na cidade de Filad\u00e9lfia, nesta sexta-feira (07), apesar das duas serem maior de idade, o elemento abusava das adolescentes h\u00e1 cerca de 8 anos.\u00a0Uma delas \u00e9 portadora de necessidades especiais.<\/p>\n<p>O fato foi denunciado pela pr\u00f3pria m\u00e3e\u00a0das v\u00edtimas ao tomar conhecimento do fato. Contra Adenilson, havia mandado de pris\u00e3o preventiva. Ele encontra-se\u00a0preso a disposi\u00e7\u00e3o da Justi\u00e7a.<\/p>\n<p><em>*BLOG DO ELOILTON CAJUHY &#8211; Com informa\u00e7\u00f5es da 19\u00aa COORPIN<\/em><\/p>\n","protected":false},"excerpt":{"rendered":"<p>Est\u00e1 preso no Complexo Policial de Senhor do Bonfim, um homem identificado como Adenilson Luiz de Jesus Santos, 45 anos, acusado de estuprar duas enteadas. Segundo informa\u00e7\u00f5es da Pol\u00edcia Civil de Bonfim, que efetuou a pris\u00e3o do acusado na cidade de Filad\u00e9lfia, nesta sexta-feira (07), apesar das duas serem maior de idade, o elemento abusava [&hellip;]<\/p>\n","protected":false},"author":2,"featured_media":12690,"comment_status":"open","ping_status":"open","sticky":false,"template":"","format":"standard","meta":{"_acf_changed":false,"_monsterinsights_skip_tracking":false,"_monsterinsights_sitenote_active":false,"_monsterinsights_sitenote_note":"","_monsterinsights_sitenote_category":0,"_jetpack_memberships_contains_paid_content":false,"footnotes":"","jetpack_publicize_message":"","jetpack_publicize_feature_enabled":true,"jetpack_social_post_already_shared":true,"jetpack_social_options":{"image_generator_settings":{"template":"highway","default_image_id":0,"font":"","enabled":false},"version":2}},"categories":[5,1,11],"tags":[],"class_list":["post-12689","post","type-post","status-publish","format-standard","has-post-thumbnail","hentry","category-cotidiano","category-noticias","category-regional"],"acf":[],"jetpack_publicize_connections":[],"jetpack_featured_media_url":"https:\/\/i0.wp.com\/blogdoeloiltoncajuhy.com.br\/site\/wp-content\/uploads\/2016\/10\/adenilson.jpg?fit=345%2C460&ssl=1","jetpack_sharing_enabled":true,"publishpress_future_workflow_manual_trigger":{"enabledWorkflows":[]},"_links":{"self":[{"href":"https:\/\/blogdoeloiltoncajuhy.com.br\/site\/wp-json\/wp\/v2\/posts\/12689","targetHints":{"allow":["GET"]}}],"collection":[{"href":"https:\/\/blogdoeloiltoncajuhy.com.br\/site\/wp-json\/wp\/v2\/posts"}],"about":[{"href":"https:\/\/blogdoeloiltoncajuhy.com.br\/site\/wp-json\/wp\/v2\/types\/post"}],"author":[{"embeddable":true,"href":"https:\/\/blogdoeloiltoncajuhy.com.br\/site\/wp-json\/wp\/v2\/users\/2"}],"replies":[{"embeddable":true,"href":"https:\/\/blogdoeloiltoncajuhy.com.br\/site\/wp-json\/wp\/v2\/comments?post=12689"}],"version-history":[{"count":1,"href":"https:\/\/blogdoeloiltoncajuhy.com.br\/site\/wp-json\/wp\/v2\/posts\/12689\/revisions"}],"predecessor-version":[{"id":12691,"href":"https:\/\/blogdoeloiltoncajuhy.com.br\/site\/wp-json\/wp\/v2\/posts\/12689\/revisions\/12691"}],"wp:featuredmedia":[{"embeddable":true,"href":"https:\/\/blogdoeloiltoncajuhy.com.br\/site\/wp-json\/wp\/v2\/media\/12690"}],"wp:attachment":[{"href":"https:\/\/blogdoeloiltoncajuhy.com.br\/site\/wp-json\/wp\/v2\/media?parent=12689"}],"wp:term":[{"taxonomy":"category","embeddable":true,"href":"https:\/\/blogdoeloiltoncajuhy.com.br\/site\/wp-json\/wp\/v2\/categories?post=12689"},{"taxonomy":"post_tag","embeddable":true,"href":"https:\/\/blogdoeloiltoncajuhy.com.br\/site\/wp-json\/wp\/v2\/tags?post=12689"}],"curies":[{"name":"wp","href":"https:\/\/api.w.org\/{rel}","templated":true}]}}