{"id":12633,"date":"2016-10-05T20:04:56","date_gmt":"2016-10-05T23:04:56","guid":{"rendered":"http:\/\/blogdoeloiltoncajuhy.com.br\/site\/?p=12633"},"modified":"2016-10-05T20:04:56","modified_gmt":"2016-10-05T23:04:56","slug":"brasileiro-ja-entrou-em-acao-em-prol-da-cidade-tres-dias-apos-eleito-prefeito","status":"publish","type":"post","link":"https:\/\/blogdoeloiltoncajuhy.com.br\/site\/brasileiro-ja-entrou-em-acao-em-prol-da-cidade-tres-dias-apos-eleito-prefeito\/","title":{"rendered":"Brasileiro j\u00e1 entrou em a\u00e7\u00e3o em prol da cidade, tr\u00eas dias ap\u00f3s eleito prefeito"},"content":{"rendered":"<p><strong><em>Ele visitou as obras da Unidade Industrial de Beneficiamento de Leite, fruto da sua atua\u00e7\u00e3o<\/em><\/strong><\/p>\n<p><a href=\"https:\/\/i0.wp.com\/blogdoeloiltoncajuhy.com.br\/site\/wp-content\/uploads\/2016\/10\/Laticinio_Visita-Brasileiro-01-e1475708546234.jpg\"><img data-recalc-dims=\"1\" fetchpriority=\"high\" decoding=\"async\" class=\"aligncenter size-full wp-image-12634\" src=\"https:\/\/i0.wp.com\/blogdoeloiltoncajuhy.com.br\/site\/wp-content\/uploads\/2016\/10\/Laticinio_Visita-Brasileiro-01-e1475708546234.jpg?resize=500%2C292\" alt=\"laticinio_visita-brasileiro-01\" width=\"500\" height=\"292\" \/><\/a>Tr\u00eas dias ap\u00f3s eleito prefeito de Senhor do Bonfim, com uma das vota\u00e7\u00f5es mais expressivas da hist\u00f3ria do munic\u00edpio, Carlos Brasileiro j\u00e1 entrou em a\u00e7\u00e3o. Ele visitou nesta quarta-feira (05) as obras de implanta\u00e7\u00e3o Unidade Industrial de Beneficiamento de Leite, uma conquista que foi fruto da sua atua\u00e7\u00e3o como deputado estadual junto ao governo do estado. Com investimento da ordem de R$ 1 milh\u00e3o, o latic\u00ednio vai possibilitar o processamento de at\u00e9 10 mil litros por dia. A expectativa \u00e9 que entre em opera\u00e7\u00e3o em 2017, ap\u00f3s a retomada dos servi\u00e7os.<\/p>\n<p>Brasileiro esteve acompanhado de Jos\u00e9 Ranulfo Guimar\u00e3es, presidente da Cooperativa Mista Agropecu\u00e1ria de Senhor do Bonfim (Comasb), que vai gerenciar a unidade. Ele destacou que o empreendimento vai beneficiar e movimentar todo o polo leiteiro da regi\u00e3o, contemplando mais de 1,5 mil produtores do Territ\u00f3rio Piemonte Norte do Itapicuru. \u201cEsta vai ser uma a\u00e7\u00e3o importante dentro do trabalho de retomada da economia bonfinense. A unidade vai gerar oportunidade e mais renda, consolidando a regi\u00e3o de Bonfim como polo de produ\u00e7\u00e3o leiteira\u201d, citou Brasileiro.<\/p>\n<p>A retomada das obras, recentemente, tamb\u00e9m foi poss\u00edvel gra\u00e7as \u00e0 interven\u00e7\u00e3o de Brasileiro e do deputado Bob\u00f4, junto \u00e0 Companhia de Desenvolvimento e A\u00e7\u00e3o Regional (CAR), \u00f3rg\u00e3o da Secretaria de Desenvolvimento Rural (SDR). Eles conseguiram junto ao diretor executivo do \u00f3rg\u00e3o, Wilson Vasconcelos Dias, e ao secret\u00e1rio Jer\u00f4nimo Rodrigues um aditivo que possibilitou a continuidade dos servi\u00e7os e a aquisi\u00e7\u00e3o de equipamentos.<\/p>\n<p><a href=\"https:\/\/i0.wp.com\/blogdoeloiltoncajuhy.com.br\/site\/wp-content\/uploads\/2016\/10\/Laticinio_Visita-Brasileiro-02-1.jpg\"><img data-recalc-dims=\"1\" decoding=\"async\" class=\"aligncenter size-full wp-image-12636\" src=\"https:\/\/i0.wp.com\/blogdoeloiltoncajuhy.com.br\/site\/wp-content\/uploads\/2016\/10\/Laticinio_Visita-Brasileiro-02-1.jpg?resize=500%2C333\" alt=\"laticinio_visita-brasileiro-02\" width=\"500\" height=\"333\" srcset=\"https:\/\/i0.wp.com\/blogdoeloiltoncajuhy.com.br\/site\/wp-content\/uploads\/2016\/10\/Laticinio_Visita-Brasileiro-02-1.jpg?w=500&amp;ssl=1 500w, https:\/\/i0.wp.com\/blogdoeloiltoncajuhy.com.br\/site\/wp-content\/uploads\/2016\/10\/Laticinio_Visita-Brasileiro-02-1.jpg?resize=300%2C200&amp;ssl=1 300w, https:\/\/i0.wp.com\/blogdoeloiltoncajuhy.com.br\/site\/wp-content\/uploads\/2016\/10\/Laticinio_Visita-Brasileiro-02-1.jpg?resize=250%2C167&amp;ssl=1 250w\" sizes=\"(max-width: 500px) 100vw, 500px\" \/><\/a>A unidade industrial est\u00e1 sendo constru\u00edda \u00e0s margens da BR 407, pr\u00f3ximo da Rodovi\u00e1ria. A planta ser\u00e1 modular e os produtos que ser\u00e3o industrializados contar\u00e3o com uma marca pr\u00f3pria. Al\u00e9m do leite embalado, a unidade poder\u00e1 fabricar iogurtes, manteiga, queijos, entre outros produtos l\u00e1cteos.<\/p>\n<p>Com a chegada do latic\u00ednio, os produtores v\u00e3o agregar valor e ter\u00e3o a certeza de venda. O Governo do Estado j\u00e1 se comprometeu com a compra de 30% da produ\u00e7\u00e3o, que ser\u00e1 destinada \u00e0 merenda escolar.\u00a0Na visita, tamb\u00e9m acompanharam Brasileiro o empres\u00e1rio Toinho Cerqueira e o gerente da Cooperativa, S\u00e9rgio\u00a0Soares.<\/p>\n<p><em>*Ascom\/Brasileiro<\/em><\/p>\n","protected":false},"excerpt":{"rendered":"<p>Ele visitou as obras da Unidade Industrial de Beneficiamento de Leite, fruto da sua atua\u00e7\u00e3o Tr\u00eas dias ap\u00f3s eleito prefeito de Senhor do Bonfim, com uma das vota\u00e7\u00f5es mais expressivas da hist\u00f3ria do munic\u00edpio, Carlos Brasileiro j\u00e1 entrou em a\u00e7\u00e3o. Ele visitou nesta quarta-feira (05) as obras de implanta\u00e7\u00e3o Unidade Industrial de Beneficiamento de Leite, [&hellip;]<\/p>\n","protected":false},"author":2,"featured_media":12636,"comment_status":"open","ping_status":"open","sticky":false,"template":"","format":"standard","meta":{"_acf_changed":false,"_monsterinsights_skip_tracking":false,"_monsterinsights_sitenote_active":false,"_monsterinsights_sitenote_note":"","_monsterinsights_sitenote_category":0,"_jetpack_memberships_contains_paid_content":false,"footnotes":"","jetpack_publicize_message":"","jetpack_publicize_feature_enabled":true,"jetpack_social_post_already_shared":true,"jetpack_social_options":{"image_generator_settings":{"template":"highway","default_image_id":0,"font":"","enabled":false},"version":2}},"categories":[1,4],"tags":[],"class_list":["post-12633","post","type-post","status-publish","format-standard","has-post-thumbnail","hentry","category-noticias","category-local"],"acf":[],"jetpack_publicize_connections":[],"jetpack_featured_media_url":"https:\/\/i0.wp.com\/blogdoeloiltoncajuhy.com.br\/site\/wp-content\/uploads\/2016\/10\/Laticinio_Visita-Brasileiro-02-1.jpg?fit=500%2C333&ssl=1","jetpack_sharing_enabled":true,"publishpress_future_workflow_manual_trigger":{"enabledWorkflows":[]},"_links":{"self":[{"href":"https:\/\/blogdoeloiltoncajuhy.com.br\/site\/wp-json\/wp\/v2\/posts\/12633","targetHints":{"allow":["GET"]}}],"collection":[{"href":"https:\/\/blogdoeloiltoncajuhy.com.br\/site\/wp-json\/wp\/v2\/posts"}],"about":[{"href":"https:\/\/blogdoeloiltoncajuhy.com.br\/site\/wp-json\/wp\/v2\/types\/post"}],"author":[{"embeddable":true,"href":"https:\/\/blogdoeloiltoncajuhy.com.br\/site\/wp-json\/wp\/v2\/users\/2"}],"replies":[{"embeddable":true,"href":"https:\/\/blogdoeloiltoncajuhy.com.br\/site\/wp-json\/wp\/v2\/comments?post=12633"}],"version-history":[{"count":1,"href":"https:\/\/blogdoeloiltoncajuhy.com.br\/site\/wp-json\/wp\/v2\/posts\/12633\/revisions"}],"predecessor-version":[{"id":12637,"href":"https:\/\/blogdoeloiltoncajuhy.com.br\/site\/wp-json\/wp\/v2\/posts\/12633\/revisions\/12637"}],"wp:featuredmedia":[{"embeddable":true,"href":"https:\/\/blogdoeloiltoncajuhy.com.br\/site\/wp-json\/wp\/v2\/media\/12636"}],"wp:attachment":[{"href":"https:\/\/blogdoeloiltoncajuhy.com.br\/site\/wp-json\/wp\/v2\/media?parent=12633"}],"wp:term":[{"taxonomy":"category","embeddable":true,"href":"https:\/\/blogdoeloiltoncajuhy.com.br\/site\/wp-json\/wp\/v2\/categories?post=12633"},{"taxonomy":"post_tag","embeddable":true,"href":"https:\/\/blogdoeloiltoncajuhy.com.br\/site\/wp-json\/wp\/v2\/tags?post=12633"}],"curies":[{"name":"wp","href":"https:\/\/api.w.org\/{rel}","templated":true}]}}