{"id":12631,"date":"2016-10-05T19:49:33","date_gmt":"2016-10-05T22:49:33","guid":{"rendered":"http:\/\/blogdoeloiltoncajuhy.com.br\/site\/?p=12631"},"modified":"2016-10-05T19:49:33","modified_gmt":"2016-10-05T22:49:33","slug":"comece-a-quinta-feira-meditando-evangelho-lc-115-13","status":"publish","type":"post","link":"https:\/\/blogdoeloiltoncajuhy.com.br\/site\/comece-a-quinta-feira-meditando-evangelho-lc-115-13\/","title":{"rendered":"COMECE A QUINTA-FEIRA MEDITANDO: Evangelho (Lc 11,5-13)"},"content":{"rendered":"<p><a href=\"https:\/\/i0.wp.com\/blogdoeloiltoncajuhy.com.br\/site\/wp-content\/uploads\/2015\/10\/liturgia_diaria.jpg\"><img data-recalc-dims=\"1\" fetchpriority=\"high\" decoding=\"async\" class=\"alignright wp-image-4757 size-medium\" src=\"https:\/\/i0.wp.com\/blogdoeloiltoncajuhy.com.br\/site\/wp-content\/uploads\/2015\/10\/liturgia_diaria.jpg?resize=300%2C227\" alt=\"liturgia_diaria\" width=\"300\" height=\"227\" srcset=\"https:\/\/i0.wp.com\/blogdoeloiltoncajuhy.com.br\/site\/wp-content\/uploads\/2015\/10\/liturgia_diaria.jpg?resize=300%2C227&amp;ssl=1 300w, https:\/\/i0.wp.com\/blogdoeloiltoncajuhy.com.br\/site\/wp-content\/uploads\/2015\/10\/liturgia_diaria.jpg?resize=250%2C189&amp;ssl=1 250w, https:\/\/i0.wp.com\/blogdoeloiltoncajuhy.com.br\/site\/wp-content\/uploads\/2015\/10\/liturgia_diaria.jpg?w=449&amp;ssl=1 449w\" sizes=\"(max-width: 300px) 100vw, 300px\" \/><\/a>Naquele tempo, disse Jesus aos seus disc\u00edpulos:<\/p>\n<p>\u201cSe um de v\u00f3s tiver um amigo e for procur\u00e1-lo \u00e0 meia-noite e lhe disser: \u2018Amigo, empresta-me tr\u00eas p\u00e3es, porque um amigo meu chegou de viagem e nada tenho para lhe oferecer\u2019, e se o outro responder l\u00e1 de dentro:<\/p>\n<p>\u2018N\u00e3o me incomodes! J\u00e1 tranquei a porta, e meus filhos e eu j\u00e1 estamos deitados; n\u00e3o me posso levantar para te dar os p\u00e3es\u2019; eu vos declaro: mesmo que o outro n\u00e3o se levante para d\u00e1-los porque \u00e9 seu amigo, vai levantar-se ao menos por causa da impertin\u00eancia dele e lhe dar\u00e1 quanto for necess\u00e1rio.<\/p>\n<p>Portanto, eu vos digo: pedi e recebereis; procurai e encontrareis; batei e vos ser\u00e1 aberto. Pois quem pede recebe; quem procura encontra; e, para quem bate, se abrir\u00e1.<\/p>\n<p>Ser\u00e1 que algum de v\u00f3s que \u00e9 pai, se o filho pedir um peixe, lhe dar\u00e1 uma cobra? Ou ainda, se pedir um ovo, lhe dar\u00e1 um escorpi\u00e3o? Ora, se v\u00f3s que sois maus, sabeis dar coisas boas aos vossos filhos, quanto mais o Pai do c\u00e9u dar\u00e1 o Esp\u00edrito Santo aos que o pedirem!\u201d<\/p>\n<p><em>*Can\u00e7\u00e3o Nova<\/em><\/p>\n","protected":false},"excerpt":{"rendered":"<p>Naquele tempo, disse Jesus aos seus disc\u00edpulos: \u201cSe um de v\u00f3s tiver um amigo e for procur\u00e1-lo \u00e0 meia-noite e lhe disser: \u2018Amigo, empresta-me tr\u00eas p\u00e3es, porque um amigo meu chegou de viagem e nada tenho para lhe oferecer\u2019, e se o outro responder l\u00e1 de dentro: \u2018N\u00e3o me incomodes! J\u00e1 tranquei a porta, e [&hellip;]<\/p>\n","protected":false},"author":2,"featured_media":0,"comment_status":"open","ping_status":"open","sticky":false,"template":"","format":"standard","meta":{"_acf_changed":false,"_monsterinsights_skip_tracking":false,"_monsterinsights_sitenote_active":false,"_monsterinsights_sitenote_note":"","_monsterinsights_sitenote_category":0,"_jetpack_memberships_contains_paid_content":false,"footnotes":"","jetpack_publicize_message":"","jetpack_publicize_feature_enabled":true,"jetpack_social_post_already_shared":true,"jetpack_social_options":{"image_generator_settings":{"template":"highway","default_image_id":0,"font":"","enabled":false},"version":2}},"categories":[1,9],"tags":[],"class_list":["post-12631","post","type-post","status-publish","format-standard","hentry","category-noticias","category-reflexao"],"acf":[],"jetpack_publicize_connections":[],"jetpack_featured_media_url":"","jetpack_sharing_enabled":true,"publishpress_future_workflow_manual_trigger":{"enabledWorkflows":[]},"_links":{"self":[{"href":"https:\/\/blogdoeloiltoncajuhy.com.br\/site\/wp-json\/wp\/v2\/posts\/12631","targetHints":{"allow":["GET"]}}],"collection":[{"href":"https:\/\/blogdoeloiltoncajuhy.com.br\/site\/wp-json\/wp\/v2\/posts"}],"about":[{"href":"https:\/\/blogdoeloiltoncajuhy.com.br\/site\/wp-json\/wp\/v2\/types\/post"}],"author":[{"embeddable":true,"href":"https:\/\/blogdoeloiltoncajuhy.com.br\/site\/wp-json\/wp\/v2\/users\/2"}],"replies":[{"embeddable":true,"href":"https:\/\/blogdoeloiltoncajuhy.com.br\/site\/wp-json\/wp\/v2\/comments?post=12631"}],"version-history":[{"count":1,"href":"https:\/\/blogdoeloiltoncajuhy.com.br\/site\/wp-json\/wp\/v2\/posts\/12631\/revisions"}],"predecessor-version":[{"id":12632,"href":"https:\/\/blogdoeloiltoncajuhy.com.br\/site\/wp-json\/wp\/v2\/posts\/12631\/revisions\/12632"}],"wp:attachment":[{"href":"https:\/\/blogdoeloiltoncajuhy.com.br\/site\/wp-json\/wp\/v2\/media?parent=12631"}],"wp:term":[{"taxonomy":"category","embeddable":true,"href":"https:\/\/blogdoeloiltoncajuhy.com.br\/site\/wp-json\/wp\/v2\/categories?post=12631"},{"taxonomy":"post_tag","embeddable":true,"href":"https:\/\/blogdoeloiltoncajuhy.com.br\/site\/wp-json\/wp\/v2\/tags?post=12631"}],"curies":[{"name":"wp","href":"https:\/\/api.w.org\/{rel}","templated":true}]}}