{"id":12588,"date":"2016-10-03T20:24:47","date_gmt":"2016-10-03T23:24:47","guid":{"rendered":"http:\/\/blogdoeloiltoncajuhy.com.br\/site\/?p=12588"},"modified":"2016-10-03T20:24:47","modified_gmt":"2016-10-03T23:24:47","slug":"apos-vitoria-brasileiro-e-ze-antonio-concedem-entrevista-coletiva-a-imprensa-local","status":"publish","type":"post","link":"https:\/\/blogdoeloiltoncajuhy.com.br\/site\/apos-vitoria-brasileiro-e-ze-antonio-concedem-entrevista-coletiva-a-imprensa-local\/","title":{"rendered":"Ap\u00f3s vitoria, Brasileiro e Z\u00e9 Ant\u00f4nio concedem entrevista coletiva \u00e0 imprensa local"},"content":{"rendered":"<p><a href=\"https:\/\/i0.wp.com\/blogdoeloiltoncajuhy.com.br\/site\/wp-content\/uploads\/2016\/10\/BZ_Coletiva.jpg\"><img data-recalc-dims=\"1\" fetchpriority=\"high\" decoding=\"async\" class=\"aligncenter size-full wp-image-12589\" src=\"https:\/\/i0.wp.com\/blogdoeloiltoncajuhy.com.br\/site\/wp-content\/uploads\/2016\/10\/BZ_Coletiva.jpg?resize=674%2C387\" alt=\"bz_coletiva\" width=\"674\" height=\"387\" srcset=\"https:\/\/i0.wp.com\/blogdoeloiltoncajuhy.com.br\/site\/wp-content\/uploads\/2016\/10\/BZ_Coletiva.jpg?w=674&amp;ssl=1 674w, https:\/\/i0.wp.com\/blogdoeloiltoncajuhy.com.br\/site\/wp-content\/uploads\/2016\/10\/BZ_Coletiva.jpg?resize=300%2C172&amp;ssl=1 300w, https:\/\/i0.wp.com\/blogdoeloiltoncajuhy.com.br\/site\/wp-content\/uploads\/2016\/10\/BZ_Coletiva.jpg?resize=250%2C144&amp;ssl=1 250w\" sizes=\"(max-width: 674px) 100vw, 674px\" \/><\/a>Um dia ap\u00f3s a vitoria consagradora nas elei\u00e7\u00f5es municipais, os candidatos eleitos aos cargos de prefeito e vice pela coliga\u00e7\u00e3o \u201cUnidos por Bonfim\u201d, Carlos Brasileiro e Z\u00e9 Ant\u00f4nio, concederam entrevista coletiva em seu comit\u00ea de campanha aos meios de comunica\u00e7\u00e3o de Senhor do Bonfim. Durante o evento foram feitas diversas indaga\u00e7\u00f5es dos profissionais de comunica\u00e7\u00e3o sobre diversos temas, como: sa\u00fade municipal, participa\u00e7\u00e3o do vice no governo, equipe de trabalho e relacionamento com a imprensa.<\/p>\n<p><strong>Sa\u00fade Municipal<\/strong><\/p>\n<p>Quando questionados sobre o que seria feito para sanar esse d\u00e9ficit na sa\u00fade no munic\u00edpio, os candidatos foram un\u00e2nimes ao afirmar que a atual situa\u00e7\u00e3o \u00e9 inadmiss\u00edvel e que os primeiros tr\u00eas meses seriam cruciais para colocar em pratica alguns projetos elaborados durante o Programa de Governo Participativo \u2013 PGP, quando os at\u00e9 ent\u00e3o candidatos a prefeito e vice debateram com a popula\u00e7\u00e3o sobre as \u00e1reas mais problem\u00e1ticas do munic\u00edpio e poss\u00edveis solu\u00e7\u00f5es para os problemas enfrentados pela popula\u00e7\u00e3o bonfinense.<\/p>\n<p>Por\u00e9m, Brasileiro afirmou que vai cobrar apoio do governo do estado para concluir a UPA, para a manuten\u00e7\u00e3o do Hospital Regional e se comprometeu em revitalizar os postos de sa\u00fade e o Programa Sa\u00fade da Fam\u00edlia \u2013 PSF &#8211; que n\u00e3o executam todos os procedimentos de maneira satisfat\u00f3ria.<\/p>\n<p><strong>Z\u00e9 Ant\u00f4nio<\/strong><\/p>\n<p>Quando perguntado sobre a participa\u00e7\u00e3o do vice-prefeito em seu governo, Brasileiro afirmou que com ele, o vice trabalha, a exemplo do que aconteceu com o ex-prefeito Paulo Machado que assumiu a secretaria de educa\u00e7\u00e3o fazendo um trabalho exemplar colocando a educa\u00e7\u00e3o municipal entre as melhores do estado. \u201cComigo vice trabalha. Z\u00e9 Ant\u00f4nio assumir\u00e1 a secretaria da Casa Civil e exercer\u00e1 um trabalho crucial para o munic\u00edpio. Com certeza, Z\u00e9 trabalhar\u00e1 muito durante os quatro anos de governo\u201d, falou.<\/p>\n<p><strong>Equipe de trabalho<\/strong><\/p>\n<p>Brasileiro disse que todos os representantes dos partidos coligados far\u00e3o indica\u00e7\u00f5es, por\u00e9m, s\u00f3 assumir\u00e3o secretarias pessoas t\u00e9cnicas e com perfil de gestores em cada setor. Brasileiro disse ainda que no final de outubro come\u00e7ar\u00e1 a formar sua equipe de trabalho e tem certeza que, assim como aconteceu nas outras gest\u00f5es, acertar\u00e1 nos nomes que trabalhar\u00e3o em prol do munic\u00edpio fazendo uma administra\u00e7\u00e3o ainda melhor do que as duas primeiras.<\/p>\n<p><strong>Relacionamento com a imprensa<\/strong><\/p>\n<p>Em seu pronunciamento, Z\u00e9 Ant\u00f4nio afirmou que quer a imprensa como parceira, agindo com imparcialidade, apontando poss\u00edveis erros e problemas, pois nem tudo que est\u00e1 errado no munic\u00edpio chega ao conhecimento dos gestores. E, principalmente, saber ouvir, questionar sobre todas as duvidas, j\u00e1 que essa gest\u00e3o ser\u00e1 ainda mais transparente que as duas primeiras.<\/p>\n<p>A coletiva foi encerrada com o agradecimento dos candidatos a toda equipe envolvida na campanha vitoriosa que culminou com a expressiva vit\u00f3ria de Carlos Brasileiro e Z\u00e9 Ant\u00f4nio com 62,4% dos votos da popula\u00e7\u00e3o Bonfinense.<\/p>\n<p><em>*ASCOM\/BRASILEIRO<\/em><\/p>\n","protected":false},"excerpt":{"rendered":"<p>Um dia ap\u00f3s a vitoria consagradora nas elei\u00e7\u00f5es municipais, os candidatos eleitos aos cargos de prefeito e vice pela coliga\u00e7\u00e3o \u201cUnidos por Bonfim\u201d, Carlos Brasileiro e Z\u00e9 Ant\u00f4nio, concederam entrevista coletiva em seu comit\u00ea de campanha aos meios de comunica\u00e7\u00e3o de Senhor do Bonfim. Durante o evento foram feitas diversas indaga\u00e7\u00f5es dos profissionais de comunica\u00e7\u00e3o [&hellip;]<\/p>\n","protected":false},"author":2,"featured_media":12589,"comment_status":"open","ping_status":"open","sticky":false,"template":"","format":"standard","meta":{"_acf_changed":false,"_monsterinsights_skip_tracking":false,"_monsterinsights_sitenote_active":false,"_monsterinsights_sitenote_note":"","_monsterinsights_sitenote_category":0,"_jetpack_memberships_contains_paid_content":false,"footnotes":"","jetpack_publicize_message":"","jetpack_publicize_feature_enabled":true,"jetpack_social_post_already_shared":true,"jetpack_social_options":{"image_generator_settings":{"template":"highway","default_image_id":0,"font":"","enabled":false},"version":2}},"categories":[1,3,4],"tags":[],"class_list":["post-12588","post","type-post","status-publish","format-standard","has-post-thumbnail","hentry","category-noticias","category-politica","category-local"],"acf":[],"jetpack_publicize_connections":[],"jetpack_featured_media_url":"https:\/\/i0.wp.com\/blogdoeloiltoncajuhy.com.br\/site\/wp-content\/uploads\/2016\/10\/BZ_Coletiva.jpg?fit=674%2C387&ssl=1","jetpack_sharing_enabled":true,"publishpress_future_workflow_manual_trigger":{"enabledWorkflows":[]},"_links":{"self":[{"href":"https:\/\/blogdoeloiltoncajuhy.com.br\/site\/wp-json\/wp\/v2\/posts\/12588","targetHints":{"allow":["GET"]}}],"collection":[{"href":"https:\/\/blogdoeloiltoncajuhy.com.br\/site\/wp-json\/wp\/v2\/posts"}],"about":[{"href":"https:\/\/blogdoeloiltoncajuhy.com.br\/site\/wp-json\/wp\/v2\/types\/post"}],"author":[{"embeddable":true,"href":"https:\/\/blogdoeloiltoncajuhy.com.br\/site\/wp-json\/wp\/v2\/users\/2"}],"replies":[{"embeddable":true,"href":"https:\/\/blogdoeloiltoncajuhy.com.br\/site\/wp-json\/wp\/v2\/comments?post=12588"}],"version-history":[{"count":1,"href":"https:\/\/blogdoeloiltoncajuhy.com.br\/site\/wp-json\/wp\/v2\/posts\/12588\/revisions"}],"predecessor-version":[{"id":12590,"href":"https:\/\/blogdoeloiltoncajuhy.com.br\/site\/wp-json\/wp\/v2\/posts\/12588\/revisions\/12590"}],"wp:featuredmedia":[{"embeddable":true,"href":"https:\/\/blogdoeloiltoncajuhy.com.br\/site\/wp-json\/wp\/v2\/media\/12589"}],"wp:attachment":[{"href":"https:\/\/blogdoeloiltoncajuhy.com.br\/site\/wp-json\/wp\/v2\/media?parent=12588"}],"wp:term":[{"taxonomy":"category","embeddable":true,"href":"https:\/\/blogdoeloiltoncajuhy.com.br\/site\/wp-json\/wp\/v2\/categories?post=12588"},{"taxonomy":"post_tag","embeddable":true,"href":"https:\/\/blogdoeloiltoncajuhy.com.br\/site\/wp-json\/wp\/v2\/tags?post=12588"}],"curies":[{"name":"wp","href":"https:\/\/api.w.org\/{rel}","templated":true}]}}