{"id":12582,"date":"2016-10-03T09:22:58","date_gmt":"2016-10-03T12:22:58","guid":{"rendered":"http:\/\/blogdoeloiltoncajuhy.com.br\/site\/?p=12582"},"modified":"2016-10-03T09:22:58","modified_gmt":"2016-10-03T12:22:58","slug":"eleicoes-2016-tse-registra-mais-de-25-milhoes-de-eleitores-que-nao-votaram","status":"publish","type":"post","link":"https:\/\/blogdoeloiltoncajuhy.com.br\/site\/eleicoes-2016-tse-registra-mais-de-25-milhoes-de-eleitores-que-nao-votaram\/","title":{"rendered":"ELEI\u00c7\u00d5ES 2016: TSE registra mais de 25 milh\u00f5es de eleitores que n\u00e3o votaram"},"content":{"rendered":"<p><a href=\"https:\/\/i0.wp.com\/blogdoeloiltoncajuhy.com.br\/site\/wp-content\/uploads\/2016\/10\/elei%C3%A7%C3%B5es-2016-234.jpeg\"><img data-recalc-dims=\"1\" fetchpriority=\"high\" decoding=\"async\" class=\"aligncenter size-full wp-image-12583\" src=\"https:\/\/i0.wp.com\/blogdoeloiltoncajuhy.com.br\/site\/wp-content\/uploads\/2016\/10\/elei%C3%A7%C3%B5es-2016-234.jpeg?resize=623%2C249\" alt=\"eleicoes-2016-234\" width=\"623\" height=\"249\" srcset=\"https:\/\/i0.wp.com\/blogdoeloiltoncajuhy.com.br\/site\/wp-content\/uploads\/2016\/10\/elei%C3%A7%C3%B5es-2016-234.jpeg?w=623&amp;ssl=1 623w, https:\/\/i0.wp.com\/blogdoeloiltoncajuhy.com.br\/site\/wp-content\/uploads\/2016\/10\/elei%C3%A7%C3%B5es-2016-234.jpeg?resize=300%2C120&amp;ssl=1 300w, https:\/\/i0.wp.com\/blogdoeloiltoncajuhy.com.br\/site\/wp-content\/uploads\/2016\/10\/elei%C3%A7%C3%B5es-2016-234.jpeg?resize=250%2C100&amp;ssl=1 250w\" sizes=\"(max-width: 623px) 100vw, 623px\" \/><\/a>A Justi\u00e7a Eleitoral registrou no primeiro turno das elei\u00e7\u00f5es municipais de 2016, neste domingo (2), absten\u00e7\u00e3o de aproximadamente 17,58% do eleitorado. O n\u00famero corresponde a 25.073.027 eleitores que deixaram de comparecer \u00e0s urnas. O total de eleitores aptos a votar foi de 144 milh\u00f5es.<\/p>\n<p>Na avalia\u00e7\u00e3o do presidente do Tribunal Superior Eleitoral (TSE), ministro Gilmar Mendes, o \u00edndice de absten\u00e7\u00e3o registrado no pleito deste ano \u00e9 baixo em rela\u00e7\u00e3o \u00e0s elei\u00e7\u00f5es presidenciais de 2014, quando a aus\u00eancia foi de cerca de 20% dos eleitores. Nas elei\u00e7\u00f5es municipais de 2012, 16,41% do eleitorado n\u00e3o votou.<\/p>\n<p>Durante coletiva para divulgar \u00e0 imprensa o balan\u00e7o final dos dados sobre o primeiro turno, Mendes considerou que os dados sobre votos brancos e nulos n\u00e3o s\u00e3o relevantes, por n\u00e3o indicaram mudan\u00e7as no comportamento do eleitor em rela\u00e7\u00e3o \u00e0s vota\u00e7\u00f5es anteriores. Segundo o presidente, a prefer\u00eancia do eleitor por votar em branco \u00e9\u00a0mais um \u201cvoto de desinforma\u00e7\u00e3o do que de protesto\u201d.<\/p>\n<p>Em S\u00e3o Paulo, por exemplo, foram registrados 5,29% (367.471) de votos em branco e 11,35% de votos nulos (788.379). No Rio de Janeiro, foram contabilizados 5,50% (367.471) de votos em branco e de 12,76 % votos nulos (473.324). As duas cidades t\u00eam os dois maiores col\u00e9gios eleitorais do pa\u00eds.<\/p>\n<p><em>*Ag\u00eancia Brasil<\/em><\/p>\n","protected":false},"excerpt":{"rendered":"<p>A Justi\u00e7a Eleitoral registrou no primeiro turno das elei\u00e7\u00f5es municipais de 2016, neste domingo (2), absten\u00e7\u00e3o de aproximadamente 17,58% do eleitorado. O n\u00famero corresponde a 25.073.027 eleitores que deixaram de comparecer \u00e0s urnas. O total de eleitores aptos a votar foi de 144 milh\u00f5es. Na avalia\u00e7\u00e3o do presidente do Tribunal Superior Eleitoral (TSE), ministro Gilmar [&hellip;]<\/p>\n","protected":false},"author":2,"featured_media":12583,"comment_status":"open","ping_status":"open","sticky":false,"template":"","format":"standard","meta":{"_acf_changed":false,"_monsterinsights_skip_tracking":false,"_monsterinsights_sitenote_active":false,"_monsterinsights_sitenote_note":"","_monsterinsights_sitenote_category":0,"_jetpack_memberships_contains_paid_content":false,"footnotes":"","jetpack_publicize_message":"","jetpack_publicize_feature_enabled":true,"jetpack_social_post_already_shared":true,"jetpack_social_options":{"image_generator_settings":{"template":"highway","default_image_id":0,"font":"","enabled":false},"version":2}},"categories":[1,3],"tags":[],"class_list":["post-12582","post","type-post","status-publish","format-standard","has-post-thumbnail","hentry","category-noticias","category-politica"],"acf":[],"jetpack_publicize_connections":[],"jetpack_featured_media_url":"https:\/\/i0.wp.com\/blogdoeloiltoncajuhy.com.br\/site\/wp-content\/uploads\/2016\/10\/elei%C3%A7%C3%B5es-2016-234.jpeg?fit=623%2C249&ssl=1","jetpack_sharing_enabled":true,"publishpress_future_workflow_manual_trigger":{"enabledWorkflows":[]},"_links":{"self":[{"href":"https:\/\/blogdoeloiltoncajuhy.com.br\/site\/wp-json\/wp\/v2\/posts\/12582","targetHints":{"allow":["GET"]}}],"collection":[{"href":"https:\/\/blogdoeloiltoncajuhy.com.br\/site\/wp-json\/wp\/v2\/posts"}],"about":[{"href":"https:\/\/blogdoeloiltoncajuhy.com.br\/site\/wp-json\/wp\/v2\/types\/post"}],"author":[{"embeddable":true,"href":"https:\/\/blogdoeloiltoncajuhy.com.br\/site\/wp-json\/wp\/v2\/users\/2"}],"replies":[{"embeddable":true,"href":"https:\/\/blogdoeloiltoncajuhy.com.br\/site\/wp-json\/wp\/v2\/comments?post=12582"}],"version-history":[{"count":1,"href":"https:\/\/blogdoeloiltoncajuhy.com.br\/site\/wp-json\/wp\/v2\/posts\/12582\/revisions"}],"predecessor-version":[{"id":12584,"href":"https:\/\/blogdoeloiltoncajuhy.com.br\/site\/wp-json\/wp\/v2\/posts\/12582\/revisions\/12584"}],"wp:featuredmedia":[{"embeddable":true,"href":"https:\/\/blogdoeloiltoncajuhy.com.br\/site\/wp-json\/wp\/v2\/media\/12583"}],"wp:attachment":[{"href":"https:\/\/blogdoeloiltoncajuhy.com.br\/site\/wp-json\/wp\/v2\/media?parent=12582"}],"wp:term":[{"taxonomy":"category","embeddable":true,"href":"https:\/\/blogdoeloiltoncajuhy.com.br\/site\/wp-json\/wp\/v2\/categories?post=12582"},{"taxonomy":"post_tag","embeddable":true,"href":"https:\/\/blogdoeloiltoncajuhy.com.br\/site\/wp-json\/wp\/v2\/tags?post=12582"}],"curies":[{"name":"wp","href":"https:\/\/api.w.org\/{rel}","templated":true}]}}