{"id":12576,"date":"2016-10-02T22:40:33","date_gmt":"2016-10-03T01:40:33","guid":{"rendered":"http:\/\/blogdoeloiltoncajuhy.com.br\/site\/?p=12576"},"modified":"2016-10-02T22:40:33","modified_gmt":"2016-10-03T01:40:33","slug":"eleicoes-2016-saiba-quem-se-elegeu-para-vereador-em-senhor-do-bonfim","status":"publish","type":"post","link":"https:\/\/blogdoeloiltoncajuhy.com.br\/site\/eleicoes-2016-saiba-quem-se-elegeu-para-vereador-em-senhor-do-bonfim\/","title":{"rendered":"ELEI\u00c7\u00d5ES 2016: Saiba quem se elegeu para vereador em Senhor do Bonfim"},"content":{"rendered":"<p><a href=\"https:\/\/i0.wp.com\/blogdoeloiltoncajuhy.com.br\/site\/wp-content\/uploads\/2016\/08\/elei%C3%A7%C3%B5es2108.jpg\"><img data-recalc-dims=\"1\" decoding=\"async\" class=\"aligncenter size-full wp-image-11468\" src=\"https:\/\/i0.wp.com\/blogdoeloiltoncajuhy.com.br\/site\/wp-content\/uploads\/2016\/08\/elei%C3%A7%C3%B5es2108.jpg?resize=277%2C160\" alt=\"elei\u00e7\u00f5es2108\" width=\"277\" height=\"160\" srcset=\"https:\/\/i0.wp.com\/blogdoeloiltoncajuhy.com.br\/site\/wp-content\/uploads\/2016\/08\/elei%C3%A7%C3%B5es2108.jpg?w=277&amp;ssl=1 277w, https:\/\/i0.wp.com\/blogdoeloiltoncajuhy.com.br\/site\/wp-content\/uploads\/2016\/08\/elei%C3%A7%C3%B5es2108.jpg?resize=250%2C144&amp;ssl=1 250w\" sizes=\"(max-width: 277px) 100vw, 277px\" \/><\/a>Dos quinze vereadores eleitos nas elei\u00e7\u00f5es deste domingo (02), em Senhor do Bonfim, dez s\u00e3o da Coliga\u00e7\u00e3o &#8220;Unidos Por Bonfim&#8221;, liderada pelo prefeito eleito Carlos Brasileiro (PT).<\/p>\n<p><strong>Confira quais\u00a0os vereadores que formar\u00e3o a C\u00e2mara Municipal de Senhor do Bonfim a partir de janeiro de 2017:<\/strong><\/p>\n<p><a href=\"https:\/\/i0.wp.com\/blogdoeloiltoncajuhy.com.br\/site\/wp-content\/uploads\/2016\/10\/elei%C3%A7%C3%B5es-bonfim-final-vereador1.jpg\"><img data-recalc-dims=\"1\" fetchpriority=\"high\" decoding=\"async\" class=\"aligncenter size-full wp-image-12577\" src=\"https:\/\/i0.wp.com\/blogdoeloiltoncajuhy.com.br\/site\/wp-content\/uploads\/2016\/10\/elei%C3%A7%C3%B5es-bonfim-final-vereador1.jpg?resize=759%2C299\" alt=\"eleicoes-bonfim-final-vereador1\" width=\"759\" height=\"299\" srcset=\"https:\/\/i0.wp.com\/blogdoeloiltoncajuhy.com.br\/site\/wp-content\/uploads\/2016\/10\/elei%C3%A7%C3%B5es-bonfim-final-vereador1.jpg?w=759&amp;ssl=1 759w, https:\/\/i0.wp.com\/blogdoeloiltoncajuhy.com.br\/site\/wp-content\/uploads\/2016\/10\/elei%C3%A7%C3%B5es-bonfim-final-vereador1.jpg?resize=300%2C118&amp;ssl=1 300w, https:\/\/i0.wp.com\/blogdoeloiltoncajuhy.com.br\/site\/wp-content\/uploads\/2016\/10\/elei%C3%A7%C3%B5es-bonfim-final-vereador1.jpg?resize=250%2C98&amp;ssl=1 250w\" sizes=\"(max-width: 759px) 100vw, 759px\" \/><\/a> <a href=\"https:\/\/i0.wp.com\/blogdoeloiltoncajuhy.com.br\/site\/wp-content\/uploads\/2016\/10\/elei%C3%A7%C3%B5es-bonfim-final-vereador2.jpg\"><img data-recalc-dims=\"1\" decoding=\"async\" class=\"aligncenter size-full wp-image-12578\" src=\"https:\/\/i0.wp.com\/blogdoeloiltoncajuhy.com.br\/site\/wp-content\/uploads\/2016\/10\/elei%C3%A7%C3%B5es-bonfim-final-vereador2.jpg?resize=760%2C149\" alt=\"eleicoes-bonfim-final-vereador2\" width=\"760\" height=\"149\" srcset=\"https:\/\/i0.wp.com\/blogdoeloiltoncajuhy.com.br\/site\/wp-content\/uploads\/2016\/10\/elei%C3%A7%C3%B5es-bonfim-final-vereador2.jpg?w=760&amp;ssl=1 760w, https:\/\/i0.wp.com\/blogdoeloiltoncajuhy.com.br\/site\/wp-content\/uploads\/2016\/10\/elei%C3%A7%C3%B5es-bonfim-final-vereador2.jpg?resize=300%2C59&amp;ssl=1 300w, https:\/\/i0.wp.com\/blogdoeloiltoncajuhy.com.br\/site\/wp-content\/uploads\/2016\/10\/elei%C3%A7%C3%B5es-bonfim-final-vereador2.jpg?resize=250%2C49&amp;ssl=1 250w\" sizes=\"(max-width: 760px) 100vw, 760px\" \/><\/a><\/p>\n<p><em>*BLOG DO ELOILTON CAJUHY<\/em><\/p>\n","protected":false},"excerpt":{"rendered":"<p>Dos quinze vereadores eleitos nas elei\u00e7\u00f5es deste domingo (02), em Senhor do Bonfim, dez s\u00e3o da Coliga\u00e7\u00e3o &#8220;Unidos Por Bonfim&#8221;, liderada pelo prefeito eleito Carlos Brasileiro (PT). Confira quais\u00a0os vereadores que formar\u00e3o a C\u00e2mara Municipal de Senhor do Bonfim a partir de janeiro de 2017: *BLOG DO ELOILTON CAJUHY<\/p>\n","protected":false},"author":2,"featured_media":12578,"comment_status":"open","ping_status":"open","sticky":false,"template":"","format":"standard","meta":{"_acf_changed":false,"_monsterinsights_skip_tracking":false,"_monsterinsights_sitenote_active":false,"_monsterinsights_sitenote_note":"","_monsterinsights_sitenote_category":0,"_jetpack_memberships_contains_paid_content":false,"footnotes":"","jetpack_publicize_message":"","jetpack_publicize_feature_enabled":true,"jetpack_social_post_already_shared":true,"jetpack_social_options":{"image_generator_settings":{"template":"highway","default_image_id":0,"font":"","enabled":false},"version":2}},"categories":[1,3,4],"tags":[],"class_list":["post-12576","post","type-post","status-publish","format-standard","has-post-thumbnail","hentry","category-noticias","category-politica","category-local"],"acf":[],"jetpack_publicize_connections":[],"jetpack_featured_media_url":"https:\/\/i0.wp.com\/blogdoeloiltoncajuhy.com.br\/site\/wp-content\/uploads\/2016\/10\/elei%C3%A7%C3%B5es-bonfim-final-vereador2.jpg?fit=760%2C149&ssl=1","jetpack_sharing_enabled":true,"publishpress_future_workflow_manual_trigger":{"enabledWorkflows":[]},"_links":{"self":[{"href":"https:\/\/blogdoeloiltoncajuhy.com.br\/site\/wp-json\/wp\/v2\/posts\/12576","targetHints":{"allow":["GET"]}}],"collection":[{"href":"https:\/\/blogdoeloiltoncajuhy.com.br\/site\/wp-json\/wp\/v2\/posts"}],"about":[{"href":"https:\/\/blogdoeloiltoncajuhy.com.br\/site\/wp-json\/wp\/v2\/types\/post"}],"author":[{"embeddable":true,"href":"https:\/\/blogdoeloiltoncajuhy.com.br\/site\/wp-json\/wp\/v2\/users\/2"}],"replies":[{"embeddable":true,"href":"https:\/\/blogdoeloiltoncajuhy.com.br\/site\/wp-json\/wp\/v2\/comments?post=12576"}],"version-history":[{"count":1,"href":"https:\/\/blogdoeloiltoncajuhy.com.br\/site\/wp-json\/wp\/v2\/posts\/12576\/revisions"}],"predecessor-version":[{"id":12579,"href":"https:\/\/blogdoeloiltoncajuhy.com.br\/site\/wp-json\/wp\/v2\/posts\/12576\/revisions\/12579"}],"wp:featuredmedia":[{"embeddable":true,"href":"https:\/\/blogdoeloiltoncajuhy.com.br\/site\/wp-json\/wp\/v2\/media\/12578"}],"wp:attachment":[{"href":"https:\/\/blogdoeloiltoncajuhy.com.br\/site\/wp-json\/wp\/v2\/media?parent=12576"}],"wp:term":[{"taxonomy":"category","embeddable":true,"href":"https:\/\/blogdoeloiltoncajuhy.com.br\/site\/wp-json\/wp\/v2\/categories?post=12576"},{"taxonomy":"post_tag","embeddable":true,"href":"https:\/\/blogdoeloiltoncajuhy.com.br\/site\/wp-json\/wp\/v2\/tags?post=12576"}],"curies":[{"name":"wp","href":"https:\/\/api.w.org\/{rel}","templated":true}]}}