{"id":12572,"date":"2016-10-02T22:26:17","date_gmt":"2016-10-03T01:26:17","guid":{"rendered":"http:\/\/blogdoeloiltoncajuhy.com.br\/site\/?p=12572"},"modified":"2016-10-03T19:50:37","modified_gmt":"2016-10-03T22:50:37","slug":"eleicoes-2016-com-votacao-historica-carlos-brasileiro-e-eleito-prefeito-de-senhor-do-bonfim","status":"publish","type":"post","link":"https:\/\/blogdoeloiltoncajuhy.com.br\/site\/eleicoes-2016-com-votacao-historica-carlos-brasileiro-e-eleito-prefeito-de-senhor-do-bonfim\/","title":{"rendered":"ELEI\u00c7\u00d5ES 2016: Com vota\u00e7\u00e3o hist\u00f3rica, Carlos Brasileiro \u00e9 eleito prefeito de Senhor do Bonfim"},"content":{"rendered":"<figure id=\"attachment_12573\" aria-describedby=\"caption-attachment-12573\" style=\"width: 517px\" class=\"wp-caption aligncenter\"><a href=\"https:\/\/i0.wp.com\/blogdoeloiltoncajuhy.com.br\/site\/wp-content\/uploads\/2016\/10\/Brasileiro-out2.jpg\"><img data-recalc-dims=\"1\" fetchpriority=\"high\" decoding=\"async\" class=\"wp-image-12573 size-full\" src=\"https:\/\/i0.wp.com\/blogdoeloiltoncajuhy.com.br\/site\/wp-content\/uploads\/2016\/10\/Brasileiro-out2.jpg?resize=517%2C578\" alt=\"brasileiro-out2\" width=\"517\" height=\"578\" srcset=\"https:\/\/i0.wp.com\/blogdoeloiltoncajuhy.com.br\/site\/wp-content\/uploads\/2016\/10\/Brasileiro-out2.jpg?w=517&amp;ssl=1 517w, https:\/\/i0.wp.com\/blogdoeloiltoncajuhy.com.br\/site\/wp-content\/uploads\/2016\/10\/Brasileiro-out2.jpg?resize=268%2C300&amp;ssl=1 268w, https:\/\/i0.wp.com\/blogdoeloiltoncajuhy.com.br\/site\/wp-content\/uploads\/2016\/10\/Brasileiro-out2.jpg?resize=224%2C250&amp;ssl=1 224w\" sizes=\"(max-width: 517px) 100vw, 517px\" \/><\/a><figcaption id=\"caption-attachment-12573\" class=\"wp-caption-text\">Brasileiro e seu vice, Z\u00e9 Antonio (Foto: J\u00e9ferson Ribeiro\/Ascom\/Brasileiro)<\/figcaption><\/figure>\n<p>O candidato do PT, Carlos Brasileiro, se elegeu prefeito de Senhor do Bonfim, neste domingo (02), obtendo mais de 22 mil votos e superando o segundo colocado, Alcid\u00e3o do DEM, em mais de 10 mil votos. Brasileiro vai governar o munic\u00edpio de Senhor do Bonfim pela terceira vez. Ele j\u00e1 havia sido prefeito em dois mandatos: 2001 a 2004 e 2005 a 2009.<\/p>\n<p>Carlos Brasileiro j\u00e1 havia entrado para a hist\u00f3ria pol\u00edtica de Bonfim em 2004, quando obteve a maior vantagem para o segundo colocado em todos os tempos: mais de 7 mil votos \u00e0 frente do ex-prefeito C\u00e2ndido Augusto. Hoje, ele bateu o pr\u00f3prio recorde ao vencer as elei\u00e7\u00f5es com uma diferen\u00e7a de 10 mil 493 votos para o segundo colocado, Alcid\u00e3o do DEM, que em 2004 foi\u00a0candidato a vice-prefeito na chapa de C\u00e2ndido.<\/p>\n<p>Carlos Brasileiro \u2013 acompanhado do seu vice Z\u00e9 Ant\u00f4nio e dos presidentes dos 13 partidos que formam a Coliga\u00e7\u00e3o Unidos Por Bonfim \u2013 conceder\u00e1 uma entrevista coletiva nesta segunda-feira, dia 3, \u00e0s 10 horas da manh\u00e3, no Comit\u00ea da campanha, situado em frente \u00e0 Pra\u00e7a Dr. Ant\u00f4nio Gon\u00e7alves, no Centro de Senhor do Bonfim.<\/p>\n<p>A entrevista ter\u00e1 como pauta o agradecimento de Brasileiro e de todo o grupo a todos os bonfinenses que apoiaram o seu projeto.<\/p>\n<p><strong>Confira na imagem abaixo os n\u00fameros finais da elei\u00e7\u00e3o em Senhor do Bonfim:<\/strong><\/p>\n<p><a href=\"https:\/\/i0.wp.com\/blogdoeloiltoncajuhy.com.br\/site\/wp-content\/uploads\/2016\/10\/elei%C3%A7%C3%B5es-bonfim-final-prefeito.jpg\"><img data-recalc-dims=\"1\" decoding=\"async\" class=\"aligncenter size-full wp-image-12574\" src=\"https:\/\/i0.wp.com\/blogdoeloiltoncajuhy.com.br\/site\/wp-content\/uploads\/2016\/10\/elei%C3%A7%C3%B5es-bonfim-final-prefeito.jpg?resize=800%2C337\" alt=\"eleicoes-bonfim-final-prefeito\" width=\"800\" height=\"337\" srcset=\"https:\/\/i0.wp.com\/blogdoeloiltoncajuhy.com.br\/site\/wp-content\/uploads\/2016\/10\/elei%C3%A7%C3%B5es-bonfim-final-prefeito.jpg?w=935&amp;ssl=1 935w, https:\/\/i0.wp.com\/blogdoeloiltoncajuhy.com.br\/site\/wp-content\/uploads\/2016\/10\/elei%C3%A7%C3%B5es-bonfim-final-prefeito.jpg?resize=300%2C126&amp;ssl=1 300w, https:\/\/i0.wp.com\/blogdoeloiltoncajuhy.com.br\/site\/wp-content\/uploads\/2016\/10\/elei%C3%A7%C3%B5es-bonfim-final-prefeito.jpg?resize=768%2C324&amp;ssl=1 768w, https:\/\/i0.wp.com\/blogdoeloiltoncajuhy.com.br\/site\/wp-content\/uploads\/2016\/10\/elei%C3%A7%C3%B5es-bonfim-final-prefeito.jpg?resize=250%2C105&amp;ssl=1 250w\" sizes=\"(max-width: 800px) 100vw, 800px\" \/><\/a><\/p>\n<p><em>*BLOG DO ELOILTON CAJUHY<\/em><\/p>\n","protected":false},"excerpt":{"rendered":"<p>O candidato do PT, Carlos Brasileiro, se elegeu prefeito de Senhor do Bonfim, neste domingo (02), obtendo mais de 22 mil votos e superando o segundo colocado, Alcid\u00e3o do DEM, em mais de 10 mil votos. Brasileiro vai governar o munic\u00edpio de Senhor do Bonfim pela terceira vez. Ele j\u00e1 havia sido prefeito em dois [&hellip;]<\/p>\n","protected":false},"author":2,"featured_media":12574,"comment_status":"open","ping_status":"open","sticky":false,"template":"","format":"standard","meta":{"_acf_changed":false,"_monsterinsights_skip_tracking":false,"_monsterinsights_sitenote_active":false,"_monsterinsights_sitenote_note":"","_monsterinsights_sitenote_category":0,"_jetpack_memberships_contains_paid_content":false,"footnotes":"","jetpack_publicize_message":"","jetpack_publicize_feature_enabled":true,"jetpack_social_post_already_shared":true,"jetpack_social_options":{"image_generator_settings":{"template":"highway","default_image_id":0,"font":"","enabled":false},"version":2}},"categories":[1,3,4],"tags":[],"class_list":["post-12572","post","type-post","status-publish","format-standard","has-post-thumbnail","hentry","category-noticias","category-politica","category-local"],"acf":[],"jetpack_publicize_connections":[],"jetpack_featured_media_url":"https:\/\/i0.wp.com\/blogdoeloiltoncajuhy.com.br\/site\/wp-content\/uploads\/2016\/10\/elei%C3%A7%C3%B5es-bonfim-final-prefeito.jpg?fit=935%2C394&ssl=1","jetpack_sharing_enabled":true,"publishpress_future_workflow_manual_trigger":{"enabledWorkflows":[]},"_links":{"self":[{"href":"https:\/\/blogdoeloiltoncajuhy.com.br\/site\/wp-json\/wp\/v2\/posts\/12572","targetHints":{"allow":["GET"]}}],"collection":[{"href":"https:\/\/blogdoeloiltoncajuhy.com.br\/site\/wp-json\/wp\/v2\/posts"}],"about":[{"href":"https:\/\/blogdoeloiltoncajuhy.com.br\/site\/wp-json\/wp\/v2\/types\/post"}],"author":[{"embeddable":true,"href":"https:\/\/blogdoeloiltoncajuhy.com.br\/site\/wp-json\/wp\/v2\/users\/2"}],"replies":[{"embeddable":true,"href":"https:\/\/blogdoeloiltoncajuhy.com.br\/site\/wp-json\/wp\/v2\/comments?post=12572"}],"version-history":[{"count":4,"href":"https:\/\/blogdoeloiltoncajuhy.com.br\/site\/wp-json\/wp\/v2\/posts\/12572\/revisions"}],"predecessor-version":[{"id":12587,"href":"https:\/\/blogdoeloiltoncajuhy.com.br\/site\/wp-json\/wp\/v2\/posts\/12572\/revisions\/12587"}],"wp:featuredmedia":[{"embeddable":true,"href":"https:\/\/blogdoeloiltoncajuhy.com.br\/site\/wp-json\/wp\/v2\/media\/12574"}],"wp:attachment":[{"href":"https:\/\/blogdoeloiltoncajuhy.com.br\/site\/wp-json\/wp\/v2\/media?parent=12572"}],"wp:term":[{"taxonomy":"category","embeddable":true,"href":"https:\/\/blogdoeloiltoncajuhy.com.br\/site\/wp-json\/wp\/v2\/categories?post=12572"},{"taxonomy":"post_tag","embeddable":true,"href":"https:\/\/blogdoeloiltoncajuhy.com.br\/site\/wp-json\/wp\/v2\/tags?post=12572"}],"curies":[{"name":"wp","href":"https:\/\/api.w.org\/{rel}","templated":true}]}}