{"id":12570,"date":"2016-10-02T09:48:18","date_gmt":"2016-10-02T12:48:18","guid":{"rendered":"http:\/\/blogdoeloiltoncajuhy.com.br\/site\/?p=12570"},"modified":"2016-10-02T09:48:18","modified_gmt":"2016-10-02T12:48:18","slug":"a-eleicao-deste-domingo-em-numeros","status":"publish","type":"post","link":"https:\/\/blogdoeloiltoncajuhy.com.br\/site\/a-eleicao-deste-domingo-em-numeros\/","title":{"rendered":"A elei\u00e7\u00e3o deste domingo em n\u00fameros"},"content":{"rendered":"<p><a href=\"https:\/\/i0.wp.com\/blogdoeloiltoncajuhy.com.br\/site\/wp-content\/uploads\/2016\/06\/elei%C3%A7%C3%B5es-2016.png\"><img data-recalc-dims=\"1\" fetchpriority=\"high\" decoding=\"async\" class=\"aligncenter size-full wp-image-10416\" src=\"https:\/\/i0.wp.com\/blogdoeloiltoncajuhy.com.br\/site\/wp-content\/uploads\/2016\/06\/elei%C3%A7%C3%B5es-2016.png?resize=445%2C330\" alt=\"elei\u00e7\u00f5es-2016\" width=\"445\" height=\"330\" srcset=\"https:\/\/i0.wp.com\/blogdoeloiltoncajuhy.com.br\/site\/wp-content\/uploads\/2016\/06\/elei%C3%A7%C3%B5es-2016.png?w=445&amp;ssl=1 445w, https:\/\/i0.wp.com\/blogdoeloiltoncajuhy.com.br\/site\/wp-content\/uploads\/2016\/06\/elei%C3%A7%C3%B5es-2016.png?resize=300%2C222&amp;ssl=1 300w, https:\/\/i0.wp.com\/blogdoeloiltoncajuhy.com.br\/site\/wp-content\/uploads\/2016\/06\/elei%C3%A7%C3%B5es-2016.png?resize=250%2C185&amp;ssl=1 250w\" sizes=\"(max-width: 445px) 100vw, 445px\" \/><\/a>Neste domingo (2), os brasileiros v\u00e3o \u00e0s urnas para escolher o prefeito e os vereadores de suas cidades. S\u00e3o <strong>496,8<\/strong> mil candidatos disputando <strong>69<\/strong> mil cargos eletivos em todo o pa\u00eds. Do total, a maioria &#8211; <strong>463,4<\/strong> mil &#8211; \u00e9 de pessoas tentando se eleger como vereador de uma das <strong>5.568<\/strong> cidades do pa\u00eds. S\u00e3o oito candidatos por vaga.<\/p>\n<p>J\u00e1 para prefeito, como o n\u00famero de candidatos \u00e9 bem menor &#8211; s\u00e3o <strong>16,6<\/strong> mil -, a concorr\u00eancia \u00e9 mais baixa &#8211; 3 para cada vaga. Em 97 cidades do pa\u00eds, apenas um candidato disputa a prefeitura. O segundo turno pode acontecer em 92 cidades do pa\u00eds &#8211; ou seja, munic\u00edpios com mais de 200 mil habitantes.<\/p>\n<p>O Brasil tem <strong>144,1<\/strong> milh\u00f5es de eleitores. Desses, <strong>46,3<\/strong> milh\u00f5es j\u00e1 cadastraram suas digitais e devem votar atrav\u00e9s de biometria. S\u00e3o <strong>1.541<\/strong> cidades que contar\u00e3o com a vota\u00e7\u00e3o por biometria neste domingo. Outras <strong>3.187<\/strong> ainda n\u00e3o t\u00eam o servi\u00e7o, e <strong>840<\/strong> s\u00e3o h\u00edbridas.<\/p>\n<p>As elei\u00e7\u00f5es de 2016 contar\u00e3o com quase <strong>1,8<\/strong> milh\u00e3o de mes\u00e1rios distribu\u00eddos por todo o Brasil, segundo dados do Tribunal Superior Eleitoral (TSE). Desse total, <strong>593,8<\/strong> mil s\u00e3o volunt\u00e1rios, o que corresponde a <strong>33,5%<\/strong> do total.<\/p>\n<p>Ainda de acordo com o tribunal, <strong>550<\/strong> mil urnas devem ser usadas na vota\u00e7\u00e3o deste domingo. O tempo m\u00e9dio de vota\u00e7\u00e3o n\u00e3o deve ultrapassar um minuto por pessoa segundo estimativa do TSE. Ela \u00e9 feita com base em dados de elei\u00e7\u00f5es municipais anteriores. Em 2012, o tempo m\u00e9dio foi de 40 segundos.<\/p>\n<p><em>*Do G1 Elei\u00e7\u00f5es<\/em><\/p>\n","protected":false},"excerpt":{"rendered":"<p>Neste domingo (2), os brasileiros v\u00e3o \u00e0s urnas para escolher o prefeito e os vereadores de suas cidades. S\u00e3o 496,8 mil candidatos disputando 69 mil cargos eletivos em todo o pa\u00eds. Do total, a maioria &#8211; 463,4 mil &#8211; \u00e9 de pessoas tentando se eleger como vereador de uma das 5.568 cidades do pa\u00eds. S\u00e3o [&hellip;]<\/p>\n","protected":false},"author":2,"featured_media":0,"comment_status":"open","ping_status":"open","sticky":false,"template":"","format":"standard","meta":{"_acf_changed":false,"_monsterinsights_skip_tracking":false,"_monsterinsights_sitenote_active":false,"_monsterinsights_sitenote_note":"","_monsterinsights_sitenote_category":0,"_jetpack_memberships_contains_paid_content":false,"footnotes":"","jetpack_publicize_message":"","jetpack_publicize_feature_enabled":true,"jetpack_social_post_already_shared":true,"jetpack_social_options":{"image_generator_settings":{"template":"highway","default_image_id":0,"font":"","enabled":false},"version":2}},"categories":[1,3],"tags":[],"class_list":["post-12570","post","type-post","status-publish","format-standard","hentry","category-noticias","category-politica"],"acf":[],"jetpack_publicize_connections":[],"jetpack_featured_media_url":"","jetpack_sharing_enabled":true,"publishpress_future_workflow_manual_trigger":{"enabledWorkflows":[]},"_links":{"self":[{"href":"https:\/\/blogdoeloiltoncajuhy.com.br\/site\/wp-json\/wp\/v2\/posts\/12570","targetHints":{"allow":["GET"]}}],"collection":[{"href":"https:\/\/blogdoeloiltoncajuhy.com.br\/site\/wp-json\/wp\/v2\/posts"}],"about":[{"href":"https:\/\/blogdoeloiltoncajuhy.com.br\/site\/wp-json\/wp\/v2\/types\/post"}],"author":[{"embeddable":true,"href":"https:\/\/blogdoeloiltoncajuhy.com.br\/site\/wp-json\/wp\/v2\/users\/2"}],"replies":[{"embeddable":true,"href":"https:\/\/blogdoeloiltoncajuhy.com.br\/site\/wp-json\/wp\/v2\/comments?post=12570"}],"version-history":[{"count":1,"href":"https:\/\/blogdoeloiltoncajuhy.com.br\/site\/wp-json\/wp\/v2\/posts\/12570\/revisions"}],"predecessor-version":[{"id":12571,"href":"https:\/\/blogdoeloiltoncajuhy.com.br\/site\/wp-json\/wp\/v2\/posts\/12570\/revisions\/12571"}],"wp:attachment":[{"href":"https:\/\/blogdoeloiltoncajuhy.com.br\/site\/wp-json\/wp\/v2\/media?parent=12570"}],"wp:term":[{"taxonomy":"category","embeddable":true,"href":"https:\/\/blogdoeloiltoncajuhy.com.br\/site\/wp-json\/wp\/v2\/categories?post=12570"},{"taxonomy":"post_tag","embeddable":true,"href":"https:\/\/blogdoeloiltoncajuhy.com.br\/site\/wp-json\/wp\/v2\/tags?post=12570"}],"curies":[{"name":"wp","href":"https:\/\/api.w.org\/{rel}","templated":true}]}}