{"id":12546,"date":"2016-09-30T09:51:08","date_gmt":"2016-09-30T12:51:08","guid":{"rendered":"http:\/\/blogdoeloiltoncajuhy.com.br\/site\/?p=12546"},"modified":"2016-09-30T09:51:08","modified_gmt":"2016-09-30T12:51:08","slug":"imposto-sobre-a-propriedade-territorial-rural-deve-ser-declarado-ate-hoje","status":"publish","type":"post","link":"https:\/\/blogdoeloiltoncajuhy.com.br\/site\/imposto-sobre-a-propriedade-territorial-rural-deve-ser-declarado-ate-hoje\/","title":{"rendered":"Imposto sobre a Propriedade Territorial Rural deve ser declarado at\u00e9 hoje"},"content":{"rendered":"<p><a href=\"https:\/\/i0.wp.com\/blogdoeloiltoncajuhy.com.br\/site\/wp-content\/uploads\/2016\/09\/itr.jpg\"><img data-recalc-dims=\"1\" fetchpriority=\"high\" decoding=\"async\" class=\"aligncenter size-full wp-image-12547\" src=\"https:\/\/i0.wp.com\/blogdoeloiltoncajuhy.com.br\/site\/wp-content\/uploads\/2016\/09\/itr.jpg?resize=521%2C278\" alt=\"itr\" width=\"521\" height=\"278\" srcset=\"https:\/\/i0.wp.com\/blogdoeloiltoncajuhy.com.br\/site\/wp-content\/uploads\/2016\/09\/itr.jpg?w=521&amp;ssl=1 521w, https:\/\/i0.wp.com\/blogdoeloiltoncajuhy.com.br\/site\/wp-content\/uploads\/2016\/09\/itr.jpg?resize=300%2C160&amp;ssl=1 300w, https:\/\/i0.wp.com\/blogdoeloiltoncajuhy.com.br\/site\/wp-content\/uploads\/2016\/09\/itr.jpg?resize=250%2C133&amp;ssl=1 250w\" sizes=\"(max-width: 521px) 100vw, 521px\" \/><\/a>Termina nesta sexta-feira (30) o prazo para que os propriet\u00e1rios de im\u00f3veis rurais enviem \u00e0 Receita Federal a declara\u00e7\u00e3o do Imposto sobre a Propriedade Territorial Rural (ITR).<\/p>\n<p>Os produtores rurais devem fazer a declara\u00e7\u00e3o por meio eletr\u00f4nico, no site\u00a0<a href=\"http:\/\/receita.fazenda.gov.br.\/\" target=\"_blank\">receita.fazenda.gov.br.<\/a> O pagamento do imposto pode ser parcelado em at\u00e9 quatro vezes, desde que cada cota n\u00e3o seja inferior a R$ 50.<\/p>\n<p>Segundo a Confedera\u00e7\u00e3o de Agricultura e Pecu\u00e1ria do Brasil (CNA), para o c\u00e1lculo do imposto \u00e9 usada uma al\u00edquota que varia de acordo com a \u00e1rea e o grau de utiliza\u00e7\u00e3o da propriedade. Para isso, \u00e9 considerado apenas o valor da terra nua, ou seja, o valor da terra sem as benfeitorias e culturas.<\/p>\n<p>\u00c1reas de interesse ambiental, como de preserva\u00e7\u00e3o permanente e reserva legal podem resultar em isen\u00e7\u00e3o do imposto.<\/p>\n<p><em>*Radioag\u00eancia Nacional<\/em><\/p>\n","protected":false},"excerpt":{"rendered":"<p>Termina nesta sexta-feira (30) o prazo para que os propriet\u00e1rios de im\u00f3veis rurais enviem \u00e0 Receita Federal a declara\u00e7\u00e3o do Imposto sobre a Propriedade Territorial Rural (ITR). Os produtores rurais devem fazer a declara\u00e7\u00e3o por meio eletr\u00f4nico, no site\u00a0receita.fazenda.gov.br. O pagamento do imposto pode ser parcelado em at\u00e9 quatro vezes, desde que cada cota n\u00e3o [&hellip;]<\/p>\n","protected":false},"author":2,"featured_media":12547,"comment_status":"open","ping_status":"open","sticky":false,"template":"","format":"standard","meta":{"_acf_changed":false,"_monsterinsights_skip_tracking":false,"_monsterinsights_sitenote_active":false,"_monsterinsights_sitenote_note":"","_monsterinsights_sitenote_category":0,"_jetpack_memberships_contains_paid_content":false,"footnotes":"","jetpack_publicize_message":"","jetpack_publicize_feature_enabled":true,"jetpack_social_post_already_shared":true,"jetpack_social_options":{"image_generator_settings":{"template":"highway","default_image_id":0,"font":"","enabled":false},"version":2}},"categories":[5,1],"tags":[],"class_list":["post-12546","post","type-post","status-publish","format-standard","has-post-thumbnail","hentry","category-cotidiano","category-noticias"],"acf":[],"jetpack_publicize_connections":[],"jetpack_featured_media_url":"https:\/\/i0.wp.com\/blogdoeloiltoncajuhy.com.br\/site\/wp-content\/uploads\/2016\/09\/itr.jpg?fit=521%2C278&ssl=1","jetpack_sharing_enabled":true,"publishpress_future_workflow_manual_trigger":{"enabledWorkflows":[]},"_links":{"self":[{"href":"https:\/\/blogdoeloiltoncajuhy.com.br\/site\/wp-json\/wp\/v2\/posts\/12546","targetHints":{"allow":["GET"]}}],"collection":[{"href":"https:\/\/blogdoeloiltoncajuhy.com.br\/site\/wp-json\/wp\/v2\/posts"}],"about":[{"href":"https:\/\/blogdoeloiltoncajuhy.com.br\/site\/wp-json\/wp\/v2\/types\/post"}],"author":[{"embeddable":true,"href":"https:\/\/blogdoeloiltoncajuhy.com.br\/site\/wp-json\/wp\/v2\/users\/2"}],"replies":[{"embeddable":true,"href":"https:\/\/blogdoeloiltoncajuhy.com.br\/site\/wp-json\/wp\/v2\/comments?post=12546"}],"version-history":[{"count":1,"href":"https:\/\/blogdoeloiltoncajuhy.com.br\/site\/wp-json\/wp\/v2\/posts\/12546\/revisions"}],"predecessor-version":[{"id":12548,"href":"https:\/\/blogdoeloiltoncajuhy.com.br\/site\/wp-json\/wp\/v2\/posts\/12546\/revisions\/12548"}],"wp:featuredmedia":[{"embeddable":true,"href":"https:\/\/blogdoeloiltoncajuhy.com.br\/site\/wp-json\/wp\/v2\/media\/12547"}],"wp:attachment":[{"href":"https:\/\/blogdoeloiltoncajuhy.com.br\/site\/wp-json\/wp\/v2\/media?parent=12546"}],"wp:term":[{"taxonomy":"category","embeddable":true,"href":"https:\/\/blogdoeloiltoncajuhy.com.br\/site\/wp-json\/wp\/v2\/categories?post=12546"},{"taxonomy":"post_tag","embeddable":true,"href":"https:\/\/blogdoeloiltoncajuhy.com.br\/site\/wp-json\/wp\/v2\/tags?post=12546"}],"curies":[{"name":"wp","href":"https:\/\/api.w.org\/{rel}","templated":true}]}}