{"id":12543,"date":"2016-09-30T09:45:17","date_gmt":"2016-09-30T12:45:17","guid":{"rendered":"http:\/\/blogdoeloiltoncajuhy.com.br\/site\/?p=12543"},"modified":"2016-09-30T09:45:17","modified_gmt":"2016-09-30T12:45:17","slug":"esportes-na-luta-pelo-acesso-a-elite-bahia-e-criciuma-jogam-na-arena-fonte-nova","status":"publish","type":"post","link":"https:\/\/blogdoeloiltoncajuhy.com.br\/site\/esportes-na-luta-pelo-acesso-a-elite-bahia-e-criciuma-jogam-na-arena-fonte-nova\/","title":{"rendered":"ESPORTES: Na luta pelo acesso \u00e0 elite, Bahia e Crici\u00fama jogam na Arena Fonte Nova"},"content":{"rendered":"<figure id=\"attachment_12544\" aria-describedby=\"caption-attachment-12544\" style=\"width: 380px\" class=\"wp-caption aligncenter\"><a href=\"https:\/\/i0.wp.com\/blogdoeloiltoncajuhy.com.br\/site\/wp-content\/uploads\/2016\/09\/bahia446.jpg\"><img data-recalc-dims=\"1\" fetchpriority=\"high\" decoding=\"async\" class=\"wp-image-12544 size-full\" src=\"https:\/\/i0.wp.com\/blogdoeloiltoncajuhy.com.br\/site\/wp-content\/uploads\/2016\/09\/bahia446.jpg?resize=380%2C280\" alt=\"bahia446\" width=\"380\" height=\"280\" srcset=\"https:\/\/i0.wp.com\/blogdoeloiltoncajuhy.com.br\/site\/wp-content\/uploads\/2016\/09\/bahia446.jpg?w=380&amp;ssl=1 380w, https:\/\/i0.wp.com\/blogdoeloiltoncajuhy.com.br\/site\/wp-content\/uploads\/2016\/09\/bahia446.jpg?resize=300%2C221&amp;ssl=1 300w, https:\/\/i0.wp.com\/blogdoeloiltoncajuhy.com.br\/site\/wp-content\/uploads\/2016\/09\/bahia446.jpg?resize=250%2C184&amp;ssl=1 250w\" sizes=\"(max-width: 380px) 100vw, 380px\" \/><\/a><figcaption id=\"caption-attachment-12544\" class=\"wp-caption-text\">Foto: Felipe Oliveira \/ Divulga\u00e7\u00e3o \/ EC Bahia<\/figcaption><\/figure>\n<p>Com 40 pontos conquistados em 27 rodadas, pr\u00f3ximos dos quatro primeiros colocados da S\u00e9rie B do Campeonato Brasileiro, Bahia e Crici\u00fama se enfrentam na noite desta sexta-feira (30), \u00e0s 19h15, pela 28\u00aa rodada da competi\u00e7\u00e3o nacional. O objetivo das equipes \u00e9 vencer para continuar pr\u00f3ximos do G-4 que credencia para a Primeira Divis\u00e3o.<\/p>\n<p>No primeiro turno, o Esquadr\u00e3o e o Tigre protagonizaram um jogo movimentado no est\u00e1dio Heriberto H\u00fclse, em Santa Catarina. No final, o time da casa levou a melhor por 3 a 2.<\/p>\n<p>Assim como a maioria da equipe do Bahia, Guto Ferreira j\u00e1 enfrentou o Crici\u00fama pela Chapecoense e rendeu elogios ao time de Roberto Cavalo. Apesar de saber da for\u00e7a do advers\u00e1rio, o comandante mira a manuten\u00e7\u00e3o da melhor campanha como mandante.<\/p>\n<p>&#8220;Pode ser que venha fechado, mas n\u00e3o \u00e9 caracter\u00edstica do Crici\u00fama que a gente jogou uma competi\u00e7\u00e3o junto. N\u00e3o \u00e9 o mesmo grupo. Daquele grupo est\u00e1 o goleiro, a dupla de zaga, o lateral-esquerdo, dois dos tr\u00eas volantes e um atacante. \u00c9 um time mais rodado em rela\u00e7\u00e3o a grupo. Joga com intensidade, com jogadores interessantes. Independente de como eles venham, tenho que ter situa\u00e7\u00f5es para que a gente consiga os tr\u00eas pontos. Eles querem, n\u00f3s queremos. Dividir eu n\u00e3o quero. Eu quero os tr\u00eas pontos e vou trabalhar por eles&#8221;, projetou.<\/p>\n<p>Em campo, o Bahia deve manter a base que vem sendo escalada nas \u00faltimas partidas. A \u00fanica altera\u00e7\u00e3o nos onze titulares \u00e9 o retorno do lateral-direito Eduardo, que cumpriu suspens\u00e3o no jogo diante do CRB.<\/p>\n<p>O Crici\u00fama, por sua vez, n\u00e3o ter\u00e1 o lateral-esquerdo Niltinho, suspenso. Por outro lado, o atacante Jheimy, que era d\u00favida, foi confirmado entre os relacionados e deve ser titular.<\/p>\n<p><strong>FICHA T\u00c9CNICA<\/strong><br \/>\n<strong>Bahia x Crici\u00fama<\/strong><br \/>\n<strong>S\u00e9rie B \u2013 28\u00aa rodada<\/strong><br \/>\n<strong>Local:<\/strong> Arena Fonte Nova, em Salvador<br \/>\n<strong>Data:<\/strong> 30\/09\/2016<br \/>\n<strong>Hor\u00e1rio:<\/strong> 19h15<br \/>\n<strong>\u00c1rbitro:<\/strong> Dyorgines Jos\u00e9 Padovani de Andrade (ES)<br \/>\n<strong>Assistentes:<\/strong> Edson Glic\u00e9rio dos Santos e Fabio Faustino dos Santos (ambos do ES)<\/p>\n<p><strong>Bahia:<\/strong> Muriel; Eduardo; Tiago, Jackson e Mois\u00e9s; Luiz Ant\u00f4nio,Juninho e Renato Caj\u00e1; Allano, Edigar Junio e Hernane Brocador. <strong>T\u00e9cnico:<\/strong> Guto Ferreira.<\/p>\n<p><strong>Crici\u00fama:<\/strong> Luiz; Paulo Cezar, Raphael Silva, Diego Giaretta e Marlon; Barreto, Felipe Guedes, Douglas Moreira e Caique; Roberto e Jheimy. <strong>T\u00e9cnico:<\/strong> Roberto Cavalo<\/p>\n<p><em>*Bahia Not\u00edcias<\/em><\/p>\n","protected":false},"excerpt":{"rendered":"<p>Com 40 pontos conquistados em 27 rodadas, pr\u00f3ximos dos quatro primeiros colocados da S\u00e9rie B do Campeonato Brasileiro, Bahia e Crici\u00fama se enfrentam na noite desta sexta-feira (30), \u00e0s 19h15, pela 28\u00aa rodada da competi\u00e7\u00e3o nacional. O objetivo das equipes \u00e9 vencer para continuar pr\u00f3ximos do G-4 que credencia para a Primeira Divis\u00e3o. No primeiro [&hellip;]<\/p>\n","protected":false},"author":2,"featured_media":12544,"comment_status":"open","ping_status":"open","sticky":false,"template":"","format":"standard","meta":{"_acf_changed":false,"_monsterinsights_skip_tracking":false,"_monsterinsights_sitenote_active":false,"_monsterinsights_sitenote_note":"","_monsterinsights_sitenote_category":0,"_jetpack_memberships_contains_paid_content":false,"footnotes":"","jetpack_publicize_message":"","jetpack_publicize_feature_enabled":true,"jetpack_social_post_already_shared":true,"jetpack_social_options":{"image_generator_settings":{"template":"highway","default_image_id":0,"font":"","enabled":false},"version":2}},"categories":[6,1],"tags":[],"class_list":["post-12543","post","type-post","status-publish","format-standard","has-post-thumbnail","hentry","category-esportes","category-noticias"],"acf":[],"jetpack_publicize_connections":[],"jetpack_featured_media_url":"https:\/\/i0.wp.com\/blogdoeloiltoncajuhy.com.br\/site\/wp-content\/uploads\/2016\/09\/bahia446.jpg?fit=380%2C280&ssl=1","jetpack_sharing_enabled":true,"publishpress_future_workflow_manual_trigger":{"enabledWorkflows":[]},"_links":{"self":[{"href":"https:\/\/blogdoeloiltoncajuhy.com.br\/site\/wp-json\/wp\/v2\/posts\/12543","targetHints":{"allow":["GET"]}}],"collection":[{"href":"https:\/\/blogdoeloiltoncajuhy.com.br\/site\/wp-json\/wp\/v2\/posts"}],"about":[{"href":"https:\/\/blogdoeloiltoncajuhy.com.br\/site\/wp-json\/wp\/v2\/types\/post"}],"author":[{"embeddable":true,"href":"https:\/\/blogdoeloiltoncajuhy.com.br\/site\/wp-json\/wp\/v2\/users\/2"}],"replies":[{"embeddable":true,"href":"https:\/\/blogdoeloiltoncajuhy.com.br\/site\/wp-json\/wp\/v2\/comments?post=12543"}],"version-history":[{"count":1,"href":"https:\/\/blogdoeloiltoncajuhy.com.br\/site\/wp-json\/wp\/v2\/posts\/12543\/revisions"}],"predecessor-version":[{"id":12545,"href":"https:\/\/blogdoeloiltoncajuhy.com.br\/site\/wp-json\/wp\/v2\/posts\/12543\/revisions\/12545"}],"wp:featuredmedia":[{"embeddable":true,"href":"https:\/\/blogdoeloiltoncajuhy.com.br\/site\/wp-json\/wp\/v2\/media\/12544"}],"wp:attachment":[{"href":"https:\/\/blogdoeloiltoncajuhy.com.br\/site\/wp-json\/wp\/v2\/media?parent=12543"}],"wp:term":[{"taxonomy":"category","embeddable":true,"href":"https:\/\/blogdoeloiltoncajuhy.com.br\/site\/wp-json\/wp\/v2\/categories?post=12543"},{"taxonomy":"post_tag","embeddable":true,"href":"https:\/\/blogdoeloiltoncajuhy.com.br\/site\/wp-json\/wp\/v2\/tags?post=12543"}],"curies":[{"name":"wp","href":"https:\/\/api.w.org\/{rel}","templated":true}]}}