{"id":12535,"date":"2016-09-29T18:24:07","date_gmt":"2016-09-29T21:24:07","guid":{"rendered":"http:\/\/blogdoeloiltoncajuhy.com.br\/site\/?p=12535"},"modified":"2016-09-29T18:24:07","modified_gmt":"2016-09-29T21:24:07","slug":"rui-anuncia-que-a-bahia-nao-vai-adotar-o-horario-de-verao","status":"publish","type":"post","link":"https:\/\/blogdoeloiltoncajuhy.com.br\/site\/rui-anuncia-que-a-bahia-nao-vai-adotar-o-horario-de-verao\/","title":{"rendered":"Rui anuncia que a Bahia n\u00e3o vai adotar o hor\u00e1rio de ver\u00e3o"},"content":{"rendered":"<p><a href=\"https:\/\/i0.wp.com\/blogdoeloiltoncajuhy.com.br\/site\/wp-content\/uploads\/2016\/09\/horario-verao2.jpg\"><img data-recalc-dims=\"1\" fetchpriority=\"high\" decoding=\"async\" class=\"aligncenter size-full wp-image-12536\" src=\"https:\/\/i0.wp.com\/blogdoeloiltoncajuhy.com.br\/site\/wp-content\/uploads\/2016\/09\/horario-verao2.jpg?resize=460%2C268\" alt=\"horario-verao2\" width=\"460\" height=\"268\" srcset=\"https:\/\/i0.wp.com\/blogdoeloiltoncajuhy.com.br\/site\/wp-content\/uploads\/2016\/09\/horario-verao2.jpg?w=460&amp;ssl=1 460w, https:\/\/i0.wp.com\/blogdoeloiltoncajuhy.com.br\/site\/wp-content\/uploads\/2016\/09\/horario-verao2.jpg?resize=300%2C175&amp;ssl=1 300w, https:\/\/i0.wp.com\/blogdoeloiltoncajuhy.com.br\/site\/wp-content\/uploads\/2016\/09\/horario-verao2.jpg?resize=250%2C146&amp;ssl=1 250w\" sizes=\"(max-width: 460px) 100vw, 460px\" \/><\/a>Ao anunciar que a Bahia n\u00e3o vai adotar o hor\u00e1rio de ver\u00e3o em 2016, o governador Rui Costa disse que tomou como base a opini\u00e3o da maioria da popula\u00e7\u00e3o do Estado, que \u00e9 contr\u00e1ria \u00e0 mudan\u00e7a. Outro fator determinante \u00e9 a baixa economia de energia el\u00e9trica, que n\u00e3o justificaria o desconforto das pessoas acordarem mais cedo, em meio ainda a escurid\u00e3o, para trabalhar ou fazer outras atividades.<\/p>\n<p>O governador ressaltou que recebeu muitas demandas do meio empresarial e que respeita a opini\u00e3o do segmento, por\u00e9m a prioridade \u00e9 garantir o bem estar dos trabalhadores e do cidad\u00e3o, que quer preservar sua rotina, al\u00e9m de assegurar o desejo da maioria. &#8220;\u0093N\u00e3o faz nenhum sentido um governador ir contra a opini\u00e3o de 80% de seu povo que n\u00e3o quer mudan\u00e7a de hor\u00e1rio&#8221;\u0094, enfatizou Rui.<\/p>\n<p><em>*SECOM\/BA<\/em><\/p>\n","protected":false},"excerpt":{"rendered":"<p>Ao anunciar que a Bahia n\u00e3o vai adotar o hor\u00e1rio de ver\u00e3o em 2016, o governador Rui Costa disse que tomou como base a opini\u00e3o da maioria da popula\u00e7\u00e3o do Estado, que \u00e9 contr\u00e1ria \u00e0 mudan\u00e7a. Outro fator determinante \u00e9 a baixa economia de energia el\u00e9trica, que n\u00e3o justificaria o desconforto das pessoas acordarem mais [&hellip;]<\/p>\n","protected":false},"author":2,"featured_media":12536,"comment_status":"open","ping_status":"open","sticky":false,"template":"","format":"standard","meta":{"_acf_changed":false,"_monsterinsights_skip_tracking":false,"_monsterinsights_sitenote_active":false,"_monsterinsights_sitenote_note":"","_monsterinsights_sitenote_category":0,"_jetpack_memberships_contains_paid_content":false,"footnotes":"","jetpack_publicize_message":"","jetpack_publicize_feature_enabled":true,"jetpack_social_post_already_shared":true,"jetpack_social_options":{"image_generator_settings":{"template":"highway","default_image_id":0,"font":"","enabled":false},"version":2}},"categories":[5,1,3],"tags":[],"class_list":["post-12535","post","type-post","status-publish","format-standard","has-post-thumbnail","hentry","category-cotidiano","category-noticias","category-politica"],"acf":[],"jetpack_publicize_connections":[],"jetpack_featured_media_url":"https:\/\/i0.wp.com\/blogdoeloiltoncajuhy.com.br\/site\/wp-content\/uploads\/2016\/09\/horario-verao2.jpg?fit=460%2C268&ssl=1","jetpack_sharing_enabled":true,"publishpress_future_workflow_manual_trigger":{"enabledWorkflows":[]},"_links":{"self":[{"href":"https:\/\/blogdoeloiltoncajuhy.com.br\/site\/wp-json\/wp\/v2\/posts\/12535","targetHints":{"allow":["GET"]}}],"collection":[{"href":"https:\/\/blogdoeloiltoncajuhy.com.br\/site\/wp-json\/wp\/v2\/posts"}],"about":[{"href":"https:\/\/blogdoeloiltoncajuhy.com.br\/site\/wp-json\/wp\/v2\/types\/post"}],"author":[{"embeddable":true,"href":"https:\/\/blogdoeloiltoncajuhy.com.br\/site\/wp-json\/wp\/v2\/users\/2"}],"replies":[{"embeddable":true,"href":"https:\/\/blogdoeloiltoncajuhy.com.br\/site\/wp-json\/wp\/v2\/comments?post=12535"}],"version-history":[{"count":1,"href":"https:\/\/blogdoeloiltoncajuhy.com.br\/site\/wp-json\/wp\/v2\/posts\/12535\/revisions"}],"predecessor-version":[{"id":12537,"href":"https:\/\/blogdoeloiltoncajuhy.com.br\/site\/wp-json\/wp\/v2\/posts\/12535\/revisions\/12537"}],"wp:featuredmedia":[{"embeddable":true,"href":"https:\/\/blogdoeloiltoncajuhy.com.br\/site\/wp-json\/wp\/v2\/media\/12536"}],"wp:attachment":[{"href":"https:\/\/blogdoeloiltoncajuhy.com.br\/site\/wp-json\/wp\/v2\/media?parent=12535"}],"wp:term":[{"taxonomy":"category","embeddable":true,"href":"https:\/\/blogdoeloiltoncajuhy.com.br\/site\/wp-json\/wp\/v2\/categories?post=12535"},{"taxonomy":"post_tag","embeddable":true,"href":"https:\/\/blogdoeloiltoncajuhy.com.br\/site\/wp-json\/wp\/v2\/tags?post=12535"}],"curies":[{"name":"wp","href":"https:\/\/api.w.org\/{rel}","templated":true}]}}