{"id":12531,"date":"2016-09-29T15:01:04","date_gmt":"2016-09-29T18:01:04","guid":{"rendered":"http:\/\/blogdoeloiltoncajuhy.com.br\/site\/?p=12531"},"modified":"2016-09-29T15:01:04","modified_gmt":"2016-09-29T18:01:04","slug":"eleicoes-2016-justica-suspende-propaganda-de-alcidao-sobre-pesquisa-eleitoral","status":"publish","type":"post","link":"https:\/\/blogdoeloiltoncajuhy.com.br\/site\/eleicoes-2016-justica-suspende-propaganda-de-alcidao-sobre-pesquisa-eleitoral\/","title":{"rendered":"ELEI\u00c7\u00d5ES 2016: Justi\u00e7a suspende propaganda de Alcid\u00e3o sobre Pesquisa Eleitoral"},"content":{"rendered":"<p><a href=\"https:\/\/i0.wp.com\/blogdoeloiltoncajuhy.com.br\/site\/wp-content\/uploads\/2016\/04\/eleicoes2016.jpg\"><img data-recalc-dims=\"1\" fetchpriority=\"high\" decoding=\"async\" class=\"wp-image-8806 size-medium alignleft\" src=\"https:\/\/i0.wp.com\/blogdoeloiltoncajuhy.com.br\/site\/wp-content\/uploads\/2016\/04\/eleicoes2016.jpg?resize=300%2C188\" alt=\"eleicoes2016\" width=\"300\" height=\"188\" srcset=\"https:\/\/i0.wp.com\/blogdoeloiltoncajuhy.com.br\/site\/wp-content\/uploads\/2016\/04\/eleicoes2016.jpg?resize=300%2C188&amp;ssl=1 300w, https:\/\/i0.wp.com\/blogdoeloiltoncajuhy.com.br\/site\/wp-content\/uploads\/2016\/04\/eleicoes2016.jpg?resize=250%2C156&amp;ssl=1 250w, https:\/\/i0.wp.com\/blogdoeloiltoncajuhy.com.br\/site\/wp-content\/uploads\/2016\/04\/eleicoes2016.jpg?w=598&amp;ssl=1 598w\" sizes=\"(max-width: 300px) 100vw, 300px\" \/><\/a>A Ju\u00edza Eleitoral Ana L\u00facia Ferreira de Souza concedeu nesta quinta-feira, 29, liminar em favor da Coliga\u00e7\u00e3o <strong>Unidos Por Bonfim<\/strong> suspendendo a propaganda feita irregularmente pela Coliga\u00e7\u00e3o <strong>\u201cUm Novo Caminho\u201d<\/strong>, do candidato Alcid\u00e3o, a respeito da Pesquisa Eleitoral realizada pela Rainha FM e divulgada no \u00faltimo dia 24, a qual aponta ampla vantagem de Carlos Brasileiro com 56% das inten\u00e7\u00f5es de voto.<\/p>\n<p>De acordo com a decis\u00e3o da Ju\u00edza, \u201cessa divulga\u00e7\u00e3o irregular sobre pesquisa devidamente registrada e que n\u00e3o sofreu qualquer impugna\u00e7\u00e3o, \u00e9 fraudulenta, cria instabilidade no processo eleitoral e n\u00e3o pode ser vista como mera exposi\u00e7\u00e3o de opini\u00e3o\u201d.<\/p>\n<p>Fica a partir de ent\u00e3o, a Coliga\u00e7\u00e3o r\u00e9 terminantemente proibida de continuar divulgando a referida propaganda atrav\u00e9s de quaisquer meios, seja em carro de som, na p\u00e1gina do Facebook ou mensagens de WhatsApp. A Coliga\u00e7\u00e3o Unidos Por Bonfim, sob a lideran\u00e7a de Carlos Brasileiro, ressalta que a verdade sempre prevalece e manter\u00e1 uma campanha limpa, de paz e propositiva, tendo como \u00fanico objetivo a retomada do desenvolvimento de Senhor do Bonfim.<\/p>\n<p><strong><em>Veja abaixo a decis\u00e3o da Justi\u00e7a Eleitoral:<\/em><\/strong><\/p>\n<p><a href=\"https:\/\/i0.wp.com\/blogdoeloiltoncajuhy.com.br\/site\/wp-content\/uploads\/2016\/09\/Decis%C3%A3o-Ju%C3%ADza1.jpg\"><img data-recalc-dims=\"1\" decoding=\"async\" class=\"aligncenter size-full wp-image-12533\" src=\"https:\/\/i0.wp.com\/blogdoeloiltoncajuhy.com.br\/site\/wp-content\/uploads\/2016\/09\/Decis%C3%A3o-Ju%C3%ADza1.jpg?resize=720%2C1280\" alt=\"decisao-juiza1\" width=\"720\" height=\"1280\" srcset=\"https:\/\/i0.wp.com\/blogdoeloiltoncajuhy.com.br\/site\/wp-content\/uploads\/2016\/09\/Decis%C3%A3o-Ju%C3%ADza1.jpg?w=720&amp;ssl=1 720w, https:\/\/i0.wp.com\/blogdoeloiltoncajuhy.com.br\/site\/wp-content\/uploads\/2016\/09\/Decis%C3%A3o-Ju%C3%ADza1.jpg?resize=169%2C300&amp;ssl=1 169w, https:\/\/i0.wp.com\/blogdoeloiltoncajuhy.com.br\/site\/wp-content\/uploads\/2016\/09\/Decis%C3%A3o-Ju%C3%ADza1.jpg?resize=576%2C1024&amp;ssl=1 576w, https:\/\/i0.wp.com\/blogdoeloiltoncajuhy.com.br\/site\/wp-content\/uploads\/2016\/09\/Decis%C3%A3o-Ju%C3%ADza1.jpg?resize=141%2C250&amp;ssl=1 141w\" sizes=\"(max-width: 720px) 100vw, 720px\" \/><\/a><\/p>\n<p><em><a href=\"https:\/\/i0.wp.com\/blogdoeloiltoncajuhy.com.br\/site\/wp-content\/uploads\/2016\/09\/Decis%C3%A3o-Ju%C3%ADza-2.jpg\"><img data-recalc-dims=\"1\" decoding=\"async\" class=\"aligncenter size-full wp-image-12532\" src=\"https:\/\/i0.wp.com\/blogdoeloiltoncajuhy.com.br\/site\/wp-content\/uploads\/2016\/09\/Decis%C3%A3o-Ju%C3%ADza-2.jpg?resize=720%2C1280\" alt=\"decisao-juiza-2\" width=\"720\" height=\"1280\" srcset=\"https:\/\/i0.wp.com\/blogdoeloiltoncajuhy.com.br\/site\/wp-content\/uploads\/2016\/09\/Decis%C3%A3o-Ju%C3%ADza-2.jpg?w=720&amp;ssl=1 720w, https:\/\/i0.wp.com\/blogdoeloiltoncajuhy.com.br\/site\/wp-content\/uploads\/2016\/09\/Decis%C3%A3o-Ju%C3%ADza-2.jpg?resize=169%2C300&amp;ssl=1 169w, https:\/\/i0.wp.com\/blogdoeloiltoncajuhy.com.br\/site\/wp-content\/uploads\/2016\/09\/Decis%C3%A3o-Ju%C3%ADza-2.jpg?resize=576%2C1024&amp;ssl=1 576w, https:\/\/i0.wp.com\/blogdoeloiltoncajuhy.com.br\/site\/wp-content\/uploads\/2016\/09\/Decis%C3%A3o-Ju%C3%ADza-2.jpg?resize=141%2C250&amp;ssl=1 141w\" sizes=\"(max-width: 720px) 100vw, 720px\" \/><\/a>*Ascom\/Brasileiro<\/em><\/p>\n","protected":false},"excerpt":{"rendered":"<p>A Ju\u00edza Eleitoral Ana L\u00facia Ferreira de Souza concedeu nesta quinta-feira, 29, liminar em favor da Coliga\u00e7\u00e3o Unidos Por Bonfim suspendendo a propaganda feita irregularmente pela Coliga\u00e7\u00e3o \u201cUm Novo Caminho\u201d, do candidato Alcid\u00e3o, a respeito da Pesquisa Eleitoral realizada pela Rainha FM e divulgada no \u00faltimo dia 24, a qual aponta ampla vantagem de Carlos [&hellip;]<\/p>\n","protected":false},"author":2,"featured_media":12533,"comment_status":"open","ping_status":"open","sticky":false,"template":"","format":"standard","meta":{"_acf_changed":false,"_monsterinsights_skip_tracking":false,"_monsterinsights_sitenote_active":false,"_monsterinsights_sitenote_note":"","_monsterinsights_sitenote_category":0,"_jetpack_memberships_contains_paid_content":false,"footnotes":"","jetpack_publicize_message":"","jetpack_publicize_feature_enabled":true,"jetpack_social_post_already_shared":true,"jetpack_social_options":{"image_generator_settings":{"template":"highway","default_image_id":0,"font":"","enabled":false},"version":2}},"categories":[1,3,4],"tags":[],"class_list":["post-12531","post","type-post","status-publish","format-standard","has-post-thumbnail","hentry","category-noticias","category-politica","category-local"],"acf":[],"jetpack_publicize_connections":[],"jetpack_featured_media_url":"https:\/\/i0.wp.com\/blogdoeloiltoncajuhy.com.br\/site\/wp-content\/uploads\/2016\/09\/Decis%C3%A3o-Ju%C3%ADza1.jpg?fit=720%2C1280&ssl=1","jetpack_sharing_enabled":true,"publishpress_future_workflow_manual_trigger":{"enabledWorkflows":[]},"_links":{"self":[{"href":"https:\/\/blogdoeloiltoncajuhy.com.br\/site\/wp-json\/wp\/v2\/posts\/12531","targetHints":{"allow":["GET"]}}],"collection":[{"href":"https:\/\/blogdoeloiltoncajuhy.com.br\/site\/wp-json\/wp\/v2\/posts"}],"about":[{"href":"https:\/\/blogdoeloiltoncajuhy.com.br\/site\/wp-json\/wp\/v2\/types\/post"}],"author":[{"embeddable":true,"href":"https:\/\/blogdoeloiltoncajuhy.com.br\/site\/wp-json\/wp\/v2\/users\/2"}],"replies":[{"embeddable":true,"href":"https:\/\/blogdoeloiltoncajuhy.com.br\/site\/wp-json\/wp\/v2\/comments?post=12531"}],"version-history":[{"count":1,"href":"https:\/\/blogdoeloiltoncajuhy.com.br\/site\/wp-json\/wp\/v2\/posts\/12531\/revisions"}],"predecessor-version":[{"id":12534,"href":"https:\/\/blogdoeloiltoncajuhy.com.br\/site\/wp-json\/wp\/v2\/posts\/12531\/revisions\/12534"}],"wp:featuredmedia":[{"embeddable":true,"href":"https:\/\/blogdoeloiltoncajuhy.com.br\/site\/wp-json\/wp\/v2\/media\/12533"}],"wp:attachment":[{"href":"https:\/\/blogdoeloiltoncajuhy.com.br\/site\/wp-json\/wp\/v2\/media?parent=12531"}],"wp:term":[{"taxonomy":"category","embeddable":true,"href":"https:\/\/blogdoeloiltoncajuhy.com.br\/site\/wp-json\/wp\/v2\/categories?post=12531"},{"taxonomy":"post_tag","embeddable":true,"href":"https:\/\/blogdoeloiltoncajuhy.com.br\/site\/wp-json\/wp\/v2\/tags?post=12531"}],"curies":[{"name":"wp","href":"https:\/\/api.w.org\/{rel}","templated":true}]}}