{"id":12528,"date":"2016-09-29T12:13:03","date_gmt":"2016-09-29T15:13:03","guid":{"rendered":"http:\/\/blogdoeloiltoncajuhy.com.br\/site\/?p=12528"},"modified":"2016-09-29T12:13:03","modified_gmt":"2016-09-29T15:13:03","slug":"educacao-mec-divulga-dados-preliminares-do-censo-escolar-2016","status":"publish","type":"post","link":"https:\/\/blogdoeloiltoncajuhy.com.br\/site\/educacao-mec-divulga-dados-preliminares-do-censo-escolar-2016\/","title":{"rendered":"EDUCA\u00c7\u00c3O: MEC divulga dados preliminares do Censo Escolar 2016"},"content":{"rendered":"<p><a href=\"https:\/\/i0.wp.com\/blogdoeloiltoncajuhy.com.br\/site\/wp-content\/uploads\/2015\/07\/Mec.jpg\"><img data-recalc-dims=\"1\" fetchpriority=\"high\" decoding=\"async\" class=\"aligncenter size-full wp-image-1976\" src=\"https:\/\/i0.wp.com\/blogdoeloiltoncajuhy.com.br\/site\/wp-content\/uploads\/2015\/07\/Mec.jpg?resize=410%2C250\" alt=\"Mec\" width=\"410\" height=\"250\" srcset=\"https:\/\/i0.wp.com\/blogdoeloiltoncajuhy.com.br\/site\/wp-content\/uploads\/2015\/07\/Mec.jpg?w=410&amp;ssl=1 410w, https:\/\/i0.wp.com\/blogdoeloiltoncajuhy.com.br\/site\/wp-content\/uploads\/2015\/07\/Mec.jpg?resize=300%2C183&amp;ssl=1 300w, https:\/\/i0.wp.com\/blogdoeloiltoncajuhy.com.br\/site\/wp-content\/uploads\/2015\/07\/Mec.jpg?resize=250%2C152&amp;ssl=1 250w\" sizes=\"(max-width: 410px) 100vw, 410px\" \/><\/a>O Minist\u00e9rio da Educa\u00e7\u00e3o divulgou hoje (29), no Di\u00e1rio Oficial da Uni\u00e3o, o resultado preliminar do Censo Escolar de 2016. O levantamento detalha o n\u00famero de matr\u00edculas iniciais na educa\u00e7\u00e3o b\u00e1sica das redes p\u00fablicas municipal e estadual de ensino. Elas referem-se \u00e0 creche, pr\u00e9-escola, aos ensinos fundamental e m\u00e9dio, \u00e0 educa\u00e7\u00e3o de jovens e adultos e educa\u00e7\u00e3o especial. Abrange as \u00e1reas urbanas e rurais e a educa\u00e7\u00e3o em tempo parcial e integral.<\/p>\n<p>Os dados preliminares mostram que os anos iniciais do ensino fundamental em turno parcial concentram a maior parte das matr\u00edculas das redes municipal e estadual (10.844.700), seguido pelos anos finais do ensino fundamental, tamb\u00e9m em turno parcial (9.311.561). N\u00e3o est\u00e3o contabilizados nesses totais as matr\u00edculas da educa\u00e7\u00e3o especial.<\/p>\n<p>O n\u00famero detalhado das matr\u00edculas em cada munic\u00edpio por etapa de ensino est\u00e1 dispon\u00edvel no<a href=\"http:\/\/pesquisa.in.gov.br\/imprensa\/jsp\/visualiza\/index.jsp?data=29\/09\/2016&amp;jornal=1&amp;pagina=21&amp;totalArquivos=768\" target=\"_blank\"><em>Di\u00e1rio Oficial da Uni\u00e3o<\/em><\/a>.<\/p>\n<p>A partir da divulga\u00e7\u00e3o dos dados preliminares, os diretores das escolas t\u00eam prazo de 30 dias para conferir e retificar os dados, se necess\u00e1rio, no sistema Educacenso. Finalizado o per\u00edodo de retifica\u00e7\u00f5es, os dados definitivos s\u00e3o publicados no <a href=\"http:\/\/www.educacenso.inep.gov.br\/censobasico\/#\/\" target=\"_blank\"><em>Di\u00e1rio Oficial da Uni\u00e3o<\/em><\/a>.<\/p>\n<p>A segunda etapa do Censo Escolar de 2016 deve ter in\u00edcio em fevereiro de 2017. Nessa fase, ser\u00e3o coletados os dados sobre o rendimento e o movimento escolar dos alunos declarados (aprova\u00e7\u00e3o, reprova\u00e7\u00e3o e abandono).<\/p>\n<p>O censo escolar \u00e9 feito anualmente. Contabilizar o n\u00famero das matr\u00edculas \u00e9 fundamental para o repasse de recursos e a execu\u00e7\u00e3o de programas e pol\u00edticas p\u00fablicas na \u00e1rea da educa\u00e7\u00e3o, como a distribui\u00e7\u00e3o de livros, o transporte escolar, a instala\u00e7\u00e3o de bibliotecas e o Fundo de Manuten\u00e7\u00e3o e Desenvolvimento da Educa\u00e7\u00e3o B\u00e1sica e de Valoriza\u00e7\u00e3o dos Profissionais da Educa\u00e7\u00e3o (Fundeb).<\/p>\n<p><em>*Ag\u00eancia Brasil<\/em><\/p>\n","protected":false},"excerpt":{"rendered":"<p>O Minist\u00e9rio da Educa\u00e7\u00e3o divulgou hoje (29), no Di\u00e1rio Oficial da Uni\u00e3o, o resultado preliminar do Censo Escolar de 2016. O levantamento detalha o n\u00famero de matr\u00edculas iniciais na educa\u00e7\u00e3o b\u00e1sica das redes p\u00fablicas municipal e estadual de ensino. Elas referem-se \u00e0 creche, pr\u00e9-escola, aos ensinos fundamental e m\u00e9dio, \u00e0 educa\u00e7\u00e3o de jovens e adultos [&hellip;]<\/p>\n","protected":false},"author":2,"featured_media":0,"comment_status":"open","ping_status":"open","sticky":false,"template":"","format":"standard","meta":{"_acf_changed":false,"_monsterinsights_skip_tracking":false,"_monsterinsights_sitenote_active":false,"_monsterinsights_sitenote_note":"","_monsterinsights_sitenote_category":0,"_jetpack_memberships_contains_paid_content":false,"footnotes":"","jetpack_publicize_message":"","jetpack_publicize_feature_enabled":true,"jetpack_social_post_already_shared":true,"jetpack_social_options":{"image_generator_settings":{"template":"highway","default_image_id":0,"font":"","enabled":false},"version":2}},"categories":[14,1],"tags":[],"class_list":["post-12528","post","type-post","status-publish","format-standard","hentry","category-educacao","category-noticias"],"acf":[],"jetpack_publicize_connections":[],"jetpack_featured_media_url":"","jetpack_sharing_enabled":true,"publishpress_future_workflow_manual_trigger":{"enabledWorkflows":[]},"_links":{"self":[{"href":"https:\/\/blogdoeloiltoncajuhy.com.br\/site\/wp-json\/wp\/v2\/posts\/12528","targetHints":{"allow":["GET"]}}],"collection":[{"href":"https:\/\/blogdoeloiltoncajuhy.com.br\/site\/wp-json\/wp\/v2\/posts"}],"about":[{"href":"https:\/\/blogdoeloiltoncajuhy.com.br\/site\/wp-json\/wp\/v2\/types\/post"}],"author":[{"embeddable":true,"href":"https:\/\/blogdoeloiltoncajuhy.com.br\/site\/wp-json\/wp\/v2\/users\/2"}],"replies":[{"embeddable":true,"href":"https:\/\/blogdoeloiltoncajuhy.com.br\/site\/wp-json\/wp\/v2\/comments?post=12528"}],"version-history":[{"count":1,"href":"https:\/\/blogdoeloiltoncajuhy.com.br\/site\/wp-json\/wp\/v2\/posts\/12528\/revisions"}],"predecessor-version":[{"id":12529,"href":"https:\/\/blogdoeloiltoncajuhy.com.br\/site\/wp-json\/wp\/v2\/posts\/12528\/revisions\/12529"}],"wp:attachment":[{"href":"https:\/\/blogdoeloiltoncajuhy.com.br\/site\/wp-json\/wp\/v2\/media?parent=12528"}],"wp:term":[{"taxonomy":"category","embeddable":true,"href":"https:\/\/blogdoeloiltoncajuhy.com.br\/site\/wp-json\/wp\/v2\/categories?post=12528"},{"taxonomy":"post_tag","embeddable":true,"href":"https:\/\/blogdoeloiltoncajuhy.com.br\/site\/wp-json\/wp\/v2\/tags?post=12528"}],"curies":[{"name":"wp","href":"https:\/\/api.w.org\/{rel}","templated":true}]}}