{"id":12526,"date":"2016-09-29T09:48:33","date_gmt":"2016-09-29T12:48:33","guid":{"rendered":"http:\/\/blogdoeloiltoncajuhy.com.br\/site\/?p=12526"},"modified":"2016-09-29T09:48:33","modified_gmt":"2016-09-29T12:48:33","slug":"eleicoes-2016-encerra-hoje-a-propaganda-eleitoral-gratuita-no-radio-e-tv","status":"publish","type":"post","link":"https:\/\/blogdoeloiltoncajuhy.com.br\/site\/eleicoes-2016-encerra-hoje-a-propaganda-eleitoral-gratuita-no-radio-e-tv\/","title":{"rendered":"ELEI\u00c7\u00d5ES 2016: Encerra hoje a propaganda eleitoral gratuita no R\u00e1dio e TV"},"content":{"rendered":"<p><a href=\"https:\/\/i0.wp.com\/blogdoeloiltoncajuhy.com.br\/site\/wp-content\/uploads\/2016\/06\/elei%C3%A7%C3%B5es-2016.png\"><img data-recalc-dims=\"1\" fetchpriority=\"high\" decoding=\"async\" class=\"aligncenter size-full wp-image-10416\" src=\"https:\/\/i0.wp.com\/blogdoeloiltoncajuhy.com.br\/site\/wp-content\/uploads\/2016\/06\/elei%C3%A7%C3%B5es-2016.png?resize=445%2C330\" alt=\"elei\u00e7\u00f5es-2016\" width=\"445\" height=\"330\" srcset=\"https:\/\/i0.wp.com\/blogdoeloiltoncajuhy.com.br\/site\/wp-content\/uploads\/2016\/06\/elei%C3%A7%C3%B5es-2016.png?w=445&amp;ssl=1 445w, https:\/\/i0.wp.com\/blogdoeloiltoncajuhy.com.br\/site\/wp-content\/uploads\/2016\/06\/elei%C3%A7%C3%B5es-2016.png?resize=300%2C222&amp;ssl=1 300w, https:\/\/i0.wp.com\/blogdoeloiltoncajuhy.com.br\/site\/wp-content\/uploads\/2016\/06\/elei%C3%A7%C3%B5es-2016.png?resize=250%2C185&amp;ssl=1 250w\" sizes=\"(max-width: 445px) 100vw, 445px\" \/><\/a>Termina nesta quinta-feira (29), a tr\u00eas dias das Elei\u00e7\u00f5es Municipais 2016, a propaganda eleitoral gratuita veiculada no r\u00e1dio e na televis\u00e3o. A data tamb\u00e9m \u00e9 limite para a promo\u00e7\u00e3o de com\u00edcios, utiliza\u00e7\u00e3o de aparelhagem de sonoriza\u00e7\u00e3o fixa e realiza\u00e7\u00e3o de debates. Para esse \u00faltimo caso, a transmiss\u00e3o poder\u00e1 se estender at\u00e9 07h da sexta-feira (30\/9). As determina\u00e7\u00f5es est\u00e3o previstas pela Lei n\u00ba 9.504\/1997 (Lei das Elei\u00e7\u00f5es) e constam no Calend\u00e1rio Eleitoral 2016.<\/p>\n<p>De acordo com o Calend\u00e1rio Eleitoral 2016, at\u00e9 24h desta quinta encerra tamb\u00e9m o prazo para realiza\u00e7\u00e3o de \u201cpropaganda pol\u00edtica mediante reuni\u00f5es p\u00fablicas\u201d. Para o caso de com\u00edcios de encerramento da campanha, o ato poder\u00e1 ser prorrogado por mais duas horas (C\u00f3digo Eleitoral, art. 240, par\u00e1grafo \u00fanico, e Lei n\u00ba 9.504\/1997, art. 39, \u00a7\u00a7 4\u00ba e 5\u00ba, inciso I).<\/p>\n<p>Na sexta-feira (30\/9), ser\u00e1 o \u201c\u00faltimo dia para a divulga\u00e7\u00e3o paga, na imprensa escrita, de propaganda eleitoral e a reprodu\u00e7\u00e3o, na Internet, de jornal impresso com propaganda eleitoral (Lei n\u00ba 9.504\/1997, art. 43)\u201d.<\/p>\n<p>J\u00e1 na v\u00e9spera do pleito, s\u00e1bado (1\u00ba\/10), ser\u00e1 o \u00faltimo dia para a realiza\u00e7\u00e3o de propaganda eleitoral mediante alto-falante ou amplificadores de som, entre as 8h e 22h. A distribui\u00e7\u00e3o de material gr\u00e1fico, a promo\u00e7\u00e3o de caminhada, carreata, passeata e a utiliza\u00e7\u00e3o de carro de som que transite pela cidade divulgando jingles ou mensagens de candidatos poder\u00e3o ser realizadas tamb\u00e9m at\u00e9 22h.<\/p>\n<p><em>*Com informa\u00e7\u00f5es do\u00a0<\/em>TRE\/BA<\/p>\n","protected":false},"excerpt":{"rendered":"<p>Termina nesta quinta-feira (29), a tr\u00eas dias das Elei\u00e7\u00f5es Municipais 2016, a propaganda eleitoral gratuita veiculada no r\u00e1dio e na televis\u00e3o. A data tamb\u00e9m \u00e9 limite para a promo\u00e7\u00e3o de com\u00edcios, utiliza\u00e7\u00e3o de aparelhagem de sonoriza\u00e7\u00e3o fixa e realiza\u00e7\u00e3o de debates. Para esse \u00faltimo caso, a transmiss\u00e3o poder\u00e1 se estender at\u00e9 07h da sexta-feira (30\/9). [&hellip;]<\/p>\n","protected":false},"author":2,"featured_media":0,"comment_status":"open","ping_status":"open","sticky":false,"template":"","format":"standard","meta":{"_acf_changed":false,"_monsterinsights_skip_tracking":false,"_monsterinsights_sitenote_active":false,"_monsterinsights_sitenote_note":"","_monsterinsights_sitenote_category":0,"_jetpack_memberships_contains_paid_content":false,"footnotes":"","jetpack_publicize_message":"","jetpack_publicize_feature_enabled":true,"jetpack_social_post_already_shared":true,"jetpack_social_options":{"image_generator_settings":{"template":"highway","default_image_id":0,"font":"","enabled":false},"version":2}},"categories":[1,3],"tags":[],"class_list":["post-12526","post","type-post","status-publish","format-standard","hentry","category-noticias","category-politica"],"acf":[],"jetpack_publicize_connections":[],"jetpack_featured_media_url":"","jetpack_sharing_enabled":true,"publishpress_future_workflow_manual_trigger":{"enabledWorkflows":[]},"_links":{"self":[{"href":"https:\/\/blogdoeloiltoncajuhy.com.br\/site\/wp-json\/wp\/v2\/posts\/12526","targetHints":{"allow":["GET"]}}],"collection":[{"href":"https:\/\/blogdoeloiltoncajuhy.com.br\/site\/wp-json\/wp\/v2\/posts"}],"about":[{"href":"https:\/\/blogdoeloiltoncajuhy.com.br\/site\/wp-json\/wp\/v2\/types\/post"}],"author":[{"embeddable":true,"href":"https:\/\/blogdoeloiltoncajuhy.com.br\/site\/wp-json\/wp\/v2\/users\/2"}],"replies":[{"embeddable":true,"href":"https:\/\/blogdoeloiltoncajuhy.com.br\/site\/wp-json\/wp\/v2\/comments?post=12526"}],"version-history":[{"count":1,"href":"https:\/\/blogdoeloiltoncajuhy.com.br\/site\/wp-json\/wp\/v2\/posts\/12526\/revisions"}],"predecessor-version":[{"id":12527,"href":"https:\/\/blogdoeloiltoncajuhy.com.br\/site\/wp-json\/wp\/v2\/posts\/12526\/revisions\/12527"}],"wp:attachment":[{"href":"https:\/\/blogdoeloiltoncajuhy.com.br\/site\/wp-json\/wp\/v2\/media?parent=12526"}],"wp:term":[{"taxonomy":"category","embeddable":true,"href":"https:\/\/blogdoeloiltoncajuhy.com.br\/site\/wp-json\/wp\/v2\/categories?post=12526"},{"taxonomy":"post_tag","embeddable":true,"href":"https:\/\/blogdoeloiltoncajuhy.com.br\/site\/wp-json\/wp\/v2\/tags?post=12526"}],"curies":[{"name":"wp","href":"https:\/\/api.w.org\/{rel}","templated":true}]}}