{"id":12524,"date":"2016-09-29T09:37:19","date_gmt":"2016-09-29T12:37:19","guid":{"rendered":"http:\/\/blogdoeloiltoncajuhy.com.br\/site\/?p=12524"},"modified":"2016-09-29T09:37:19","modified_gmt":"2016-09-29T12:37:19","slug":"greve-dos-bancarios-continua-apos-reuniao-com-fenaban-terminar-sem-acordo","status":"publish","type":"post","link":"https:\/\/blogdoeloiltoncajuhy.com.br\/site\/greve-dos-bancarios-continua-apos-reuniao-com-fenaban-terminar-sem-acordo\/","title":{"rendered":"Greve dos banc\u00e1rios continua ap\u00f3s reuni\u00e3o com Fenaban terminar sem acordo"},"content":{"rendered":"<p><a href=\"https:\/\/i0.wp.com\/blogdoeloiltoncajuhy.com.br\/site\/wp-content\/uploads\/2016\/09\/bancos_greve-9657.jpg\"><img data-recalc-dims=\"1\" decoding=\"async\" class=\"size-full wp-image-12121 alignright\" src=\"https:\/\/i0.wp.com\/blogdoeloiltoncajuhy.com.br\/site\/wp-content\/uploads\/2016\/09\/bancos_greve-9657.jpg?resize=277%2C160\" alt=\"bancos_greve-9657\" width=\"277\" height=\"160\" srcset=\"https:\/\/i0.wp.com\/blogdoeloiltoncajuhy.com.br\/site\/wp-content\/uploads\/2016\/09\/bancos_greve-9657.jpg?w=277&amp;ssl=1 277w, https:\/\/i0.wp.com\/blogdoeloiltoncajuhy.com.br\/site\/wp-content\/uploads\/2016\/09\/bancos_greve-9657.jpg?resize=250%2C144&amp;ssl=1 250w\" sizes=\"(max-width: 277px) 100vw, 277px\" \/><\/a>Terminou sem acordo a reuni\u00e3o entre a Federa\u00e7\u00e3o Nacional dos Bancos (Fenaban) e o Comando Nacional dos Banc\u00e1rios ontem\u00a0(28), em S\u00e3o Paulo, informou o Sindicato dos Banc\u00e1rios de S\u00e3o Paulo, Osasco e Regi\u00e3o. Com o fracasso da negocia\u00e7\u00e3o, a greve dos banc\u00e1rios continua. Essa \u00e9 d\u00e9cima rodada de negocia\u00e7\u00e3o, que come\u00e7ou com a entrega da pauta de reivindica\u00e7\u00f5es dos trabalhadores no dia 9.<\/p>\n<p>O Comando Nacional rejeitou a proposta dos bancos e convocou assembleia para segunda-feira (3), \u00e0s 17h, na quadra dos banc\u00e1rios. Mesmo assim, o Comando diz que vai se manter de plant\u00e3o em S\u00e3o Paulo caso a Fenaban queira fazer uma nova proposta.<\/p>\n<p>Na reuni\u00e3o de ter\u00e7a-feira\u00a0(27), os bancos fizeram uma proposta de novo modelo de acordo para a categoria, com validade de dois anos, em vez de um, como ocorreu nos \u00faltimos anos. Ontem, a Fenaban manteve o reajuste em 7%, com abono de R$ 3,5 mil e, para o ano que vem, prop\u00f4s 0,5% de aumento real, o que representaria perda real, nesses dois anos, de 1,9%, de acordo com informa\u00e7\u00f5es do sindicato dos banc\u00e1rios.<\/p>\n<p>\u201cA Fenaban perdeu a oportunidade de resolver a greve. Em sintonia com a pol\u00edtica do governo, banqueiros querem reduzir o custo do trabalho no acordo com os banc\u00e1rios. A greve continua e estamos \u00e0 disposi\u00e7\u00e3o para nova negocia\u00e7\u00e3o com a Fenaban\u201d, disse Juvandia Moreira, presidente do Sindicato dos Banc\u00e1rios de S\u00e3o Paulo, Osasco e regi\u00e3o e uma das coordenadoras do Comando Nacional dos Banc\u00e1rios.<\/p>\n<p><strong>Reivindica\u00e7\u00f5es<\/strong><\/p>\n<p>Os trabalhadores reivindicam reajuste de 14,78%, sendo 5% de aumento real, considerando infla\u00e7\u00e3o de 9,31%; participa\u00e7\u00e3o nos lucros e resultados (PLR) de tr\u00eas sal\u00e1rios acrescidos de R$ 8.317,90; piso no valor do sal\u00e1rio-m\u00ednimo do Dieese (R$ 3.940,24), e vales alimenta\u00e7\u00e3o, refei\u00e7\u00e3o, e aux\u00edlio-creche no valor do sal\u00e1rio-m\u00ednimo nacional (R$ 880). Tamb\u00e9m \u00e9 pedido d\u00e9cimo-quarto sal\u00e1rio, fim das metas abusivas e do ass\u00e9dio moral.<\/p>\n<p>Atualmente, os banc\u00e1rios recebem um piso de R$ 1.976,10 (R$ 2.669,45 no caso dos funcion\u00e1rios que trabalham no caixa ou tesouraria). A regra b\u00e1sica da participa\u00e7\u00e3o nos lucros e resultados \u00e9 90% do sal\u00e1rio acrescido de R$ 2.021,79 e parcela adicional de 2,2% do lucro l\u00edquido dividido linearmente entre os trabalhadores, podendo chegar a at\u00e9 R$ 4. 043,58. O aux\u00edlio-refei\u00e7\u00e3o \u00e9 de R$ 29,64 por dia.<\/p>\n<p>Um balan\u00e7o feito pelo Sindicato dos Banc\u00e1rios de S\u00e3o Paulo, Osasco e Regi\u00e3o mostra que 838 locais de trabalho, sendo oito centros administrativos e 828 ag\u00eancias fecharam nesta quarta-feira (28), na base do sindicato, com mais de 29 mil trabalhadores aderindo \u00e0 greve.<\/p>\n<p><em>*Ag\u00eancia Brasil<\/em><\/p>\n","protected":false},"excerpt":{"rendered":"<p>Terminou sem acordo a reuni\u00e3o entre a Federa\u00e7\u00e3o Nacional dos Bancos (Fenaban) e o Comando Nacional dos Banc\u00e1rios ontem\u00a0(28), em S\u00e3o Paulo, informou o Sindicato dos Banc\u00e1rios de S\u00e3o Paulo, Osasco e Regi\u00e3o. Com o fracasso da negocia\u00e7\u00e3o, a greve dos banc\u00e1rios continua. Essa \u00e9 d\u00e9cima rodada de negocia\u00e7\u00e3o, que come\u00e7ou com a entrega da [&hellip;]<\/p>\n","protected":false},"author":2,"featured_media":0,"comment_status":"open","ping_status":"open","sticky":false,"template":"","format":"standard","meta":{"_acf_changed":false,"_monsterinsights_skip_tracking":false,"_monsterinsights_sitenote_active":false,"_monsterinsights_sitenote_note":"","_monsterinsights_sitenote_category":0,"_jetpack_memberships_contains_paid_content":false,"footnotes":"","jetpack_publicize_message":"","jetpack_publicize_feature_enabled":true,"jetpack_social_post_already_shared":true,"jetpack_social_options":{"image_generator_settings":{"template":"highway","default_image_id":0,"font":"","enabled":false},"version":2}},"categories":[5,1],"tags":[],"class_list":["post-12524","post","type-post","status-publish","format-standard","hentry","category-cotidiano","category-noticias"],"acf":[],"jetpack_publicize_connections":[],"jetpack_featured_media_url":"","jetpack_sharing_enabled":true,"publishpress_future_workflow_manual_trigger":{"enabledWorkflows":[]},"_links":{"self":[{"href":"https:\/\/blogdoeloiltoncajuhy.com.br\/site\/wp-json\/wp\/v2\/posts\/12524","targetHints":{"allow":["GET"]}}],"collection":[{"href":"https:\/\/blogdoeloiltoncajuhy.com.br\/site\/wp-json\/wp\/v2\/posts"}],"about":[{"href":"https:\/\/blogdoeloiltoncajuhy.com.br\/site\/wp-json\/wp\/v2\/types\/post"}],"author":[{"embeddable":true,"href":"https:\/\/blogdoeloiltoncajuhy.com.br\/site\/wp-json\/wp\/v2\/users\/2"}],"replies":[{"embeddable":true,"href":"https:\/\/blogdoeloiltoncajuhy.com.br\/site\/wp-json\/wp\/v2\/comments?post=12524"}],"version-history":[{"count":1,"href":"https:\/\/blogdoeloiltoncajuhy.com.br\/site\/wp-json\/wp\/v2\/posts\/12524\/revisions"}],"predecessor-version":[{"id":12525,"href":"https:\/\/blogdoeloiltoncajuhy.com.br\/site\/wp-json\/wp\/v2\/posts\/12524\/revisions\/12525"}],"wp:attachment":[{"href":"https:\/\/blogdoeloiltoncajuhy.com.br\/site\/wp-json\/wp\/v2\/media?parent=12524"}],"wp:term":[{"taxonomy":"category","embeddable":true,"href":"https:\/\/blogdoeloiltoncajuhy.com.br\/site\/wp-json\/wp\/v2\/categories?post=12524"},{"taxonomy":"post_tag","embeddable":true,"href":"https:\/\/blogdoeloiltoncajuhy.com.br\/site\/wp-json\/wp\/v2\/tags?post=12524"}],"curies":[{"name":"wp","href":"https:\/\/api.w.org\/{rel}","templated":true}]}}