{"id":12520,"date":"2016-09-29T09:31:07","date_gmt":"2016-09-29T12:31:07","guid":{"rendered":"http:\/\/blogdoeloiltoncajuhy.com.br\/site\/?p=12520"},"modified":"2016-09-29T09:33:00","modified_gmt":"2016-09-29T12:33:00","slug":"educacao-psol-recorre-ao-supremo-para-barrar-mp-do-ensino-medio","status":"publish","type":"post","link":"https:\/\/blogdoeloiltoncajuhy.com.br\/site\/educacao-psol-recorre-ao-supremo-para-barrar-mp-do-ensino-medio\/","title":{"rendered":"EDUCA\u00c7\u00c3O: PSOL recorre ao Supremo para barrar MP do Ensino M\u00e9dio"},"content":{"rendered":"<p><a href=\"https:\/\/i0.wp.com\/blogdoeloiltoncajuhy.com.br\/site\/wp-content\/uploads\/2016\/06\/predio_stf_-_valter_campanto_-_agencia_brasil_1.jpg\"><img data-recalc-dims=\"1\" decoding=\"async\" class=\"aligncenter size-full wp-image-10589\" src=\"https:\/\/i0.wp.com\/blogdoeloiltoncajuhy.com.br\/site\/wp-content\/uploads\/2016\/06\/predio_stf_-_valter_campanto_-_agencia_brasil_1.jpg?resize=277%2C160\" alt=\"predio_stf_-_valter_campanto_-_agencia_brasil_1\" width=\"277\" height=\"160\" srcset=\"https:\/\/i0.wp.com\/blogdoeloiltoncajuhy.com.br\/site\/wp-content\/uploads\/2016\/06\/predio_stf_-_valter_campanto_-_agencia_brasil_1.jpg?w=277&amp;ssl=1 277w, https:\/\/i0.wp.com\/blogdoeloiltoncajuhy.com.br\/site\/wp-content\/uploads\/2016\/06\/predio_stf_-_valter_campanto_-_agencia_brasil_1.jpg?resize=250%2C144&amp;ssl=1 250w\" sizes=\"(max-width: 277px) 100vw, 277px\" \/><\/a>O PSOL recorreu ontem\u00a0(28) ao Supremo Tribunal Federal (STF) para suspender a <a href=\"http:\/\/agenciabrasil.ebc.com.br\/educacao\/noticia\/2016-09\/mp-do-ensino-medio-e-publicada-em-edicao-extra-do-diario-oficial\" target=\"_blank\">medida provis\u00f3ria<\/a> (MP) que reestrutura o ensino m\u00e9dio, editada na semana passada.<\/p>\n<p>Na a\u00e7\u00e3o, o partido alega que a medida \u00e9 inconstitucional e que n\u00e3o h\u00e1 urg\u00eancia legislativa que justifique o tratamento do assunto por meio de uma MP. O caso ser\u00e1 relatado pelo ministro Edson Fachin.<\/p>\n<p>Para o partido, as mudan\u00e7as desrespeitam o acesso \u00e0 educa\u00e7\u00e3o e dificulta a redu\u00e7\u00e3o das desigualdades, &#8220;promovendo verdadeiro retrocesso social&#8221;.<\/p>\n<p>&#8220;Dispor por medida provis\u00f3ria sobre tema t\u00e3o complexo, que claramente n\u00e3o reclama urg\u00eancia, \u00e9 temer\u00e1rio e pouco democr\u00e1tico, por impor prazo extremamente ex\u00edguo para debate que j\u00e1 est\u00e1 ocorrendo nos meios educacionais e, sobretudo, no Congresso Nacional&#8221;, argumentou o partido.<\/p>\n<p><em>*Ag\u00eancia Brasil<\/em><\/p>\n","protected":false},"excerpt":{"rendered":"<p>O PSOL recorreu ontem\u00a0(28) ao Supremo Tribunal Federal (STF) para suspender a medida provis\u00f3ria (MP) que reestrutura o ensino m\u00e9dio, editada na semana passada. Na a\u00e7\u00e3o, o partido alega que a medida \u00e9 inconstitucional e que n\u00e3o h\u00e1 urg\u00eancia legislativa que justifique o tratamento do assunto por meio de uma MP. O caso ser\u00e1 relatado [&hellip;]<\/p>\n","protected":false},"author":2,"featured_media":0,"comment_status":"open","ping_status":"open","sticky":false,"template":"","format":"standard","meta":{"_acf_changed":false,"_monsterinsights_skip_tracking":false,"_monsterinsights_sitenote_active":false,"_monsterinsights_sitenote_note":"","_monsterinsights_sitenote_category":0,"_jetpack_memberships_contains_paid_content":false,"footnotes":"","jetpack_publicize_message":"","jetpack_publicize_feature_enabled":true,"jetpack_social_post_already_shared":true,"jetpack_social_options":{"image_generator_settings":{"template":"highway","default_image_id":0,"font":"","enabled":false},"version":2}},"categories":[14,1],"tags":[],"class_list":["post-12520","post","type-post","status-publish","format-standard","hentry","category-educacao","category-noticias"],"acf":[],"jetpack_publicize_connections":[],"jetpack_featured_media_url":"","jetpack_sharing_enabled":true,"publishpress_future_workflow_manual_trigger":{"enabledWorkflows":[]},"_links":{"self":[{"href":"https:\/\/blogdoeloiltoncajuhy.com.br\/site\/wp-json\/wp\/v2\/posts\/12520","targetHints":{"allow":["GET"]}}],"collection":[{"href":"https:\/\/blogdoeloiltoncajuhy.com.br\/site\/wp-json\/wp\/v2\/posts"}],"about":[{"href":"https:\/\/blogdoeloiltoncajuhy.com.br\/site\/wp-json\/wp\/v2\/types\/post"}],"author":[{"embeddable":true,"href":"https:\/\/blogdoeloiltoncajuhy.com.br\/site\/wp-json\/wp\/v2\/users\/2"}],"replies":[{"embeddable":true,"href":"https:\/\/blogdoeloiltoncajuhy.com.br\/site\/wp-json\/wp\/v2\/comments?post=12520"}],"version-history":[{"count":3,"href":"https:\/\/blogdoeloiltoncajuhy.com.br\/site\/wp-json\/wp\/v2\/posts\/12520\/revisions"}],"predecessor-version":[{"id":12523,"href":"https:\/\/blogdoeloiltoncajuhy.com.br\/site\/wp-json\/wp\/v2\/posts\/12520\/revisions\/12523"}],"wp:attachment":[{"href":"https:\/\/blogdoeloiltoncajuhy.com.br\/site\/wp-json\/wp\/v2\/media?parent=12520"}],"wp:term":[{"taxonomy":"category","embeddable":true,"href":"https:\/\/blogdoeloiltoncajuhy.com.br\/site\/wp-json\/wp\/v2\/categories?post=12520"},{"taxonomy":"post_tag","embeddable":true,"href":"https:\/\/blogdoeloiltoncajuhy.com.br\/site\/wp-json\/wp\/v2\/tags?post=12520"}],"curies":[{"name":"wp","href":"https:\/\/api.w.org\/{rel}","templated":true}]}}