{"id":12510,"date":"2016-09-28T10:47:34","date_gmt":"2016-09-28T13:47:34","guid":{"rendered":"http:\/\/blogdoeloiltoncajuhy.com.br\/site\/?p=12510"},"modified":"2016-09-28T10:47:34","modified_gmt":"2016-09-28T13:47:34","slug":"senhor-do-bonfim-prf-recupera-carro-roubado-apos-troca-de-tiros-com-assaltantes","status":"publish","type":"post","link":"https:\/\/blogdoeloiltoncajuhy.com.br\/site\/senhor-do-bonfim-prf-recupera-carro-roubado-apos-troca-de-tiros-com-assaltantes\/","title":{"rendered":"SENHOR DO BONFIM: PRF recupera carro roubado ap\u00f3s troca de tiros com assaltantes"},"content":{"rendered":"<div id=\"js_3\" class=\"_5pbx userContent\" data-ft=\"{&quot;tn&quot;:&quot;K&quot;}\">\n<div class=\"uiScaledImageContainer\">\n<figure style=\"width: 476px\" class=\"wp-caption alignnone\"><img data-recalc-dims=\"1\" fetchpriority=\"high\" decoding=\"async\" class=\"scaledImageFitWidth img\" src=\"https:\/\/i0.wp.com\/fbcdn-photos-a-a.akamaihd.net\/hphotos-ak-xaf1\/v\/t1.0-0\/s480x480\/14469681_1290787720945651_3104885099281715835_n.jpg?resize=476%2C268&#038;ssl=1\" alt=\"Foto de PRF Bahia.\" width=\"476\" height=\"268\" \/><figcaption class=\"wp-caption-text\">Foto: PRF<\/figcaption><\/figure>\n<\/div>\n<p>Policiais rodovi\u00e1rios federais recuperaram, na madrugada de hoje (28), um carro roubado ap\u00f3s troca de tiros com suspeitos de assaltos. A a\u00e7\u00e3o iniciou por volta das 00h05, no KM 114 da BR 407, em Senhor do Bonfim.<\/p>\n<p>Durante opera\u00e7\u00e3o de combate \u00e0 criminalidade, a equipe da Pol\u00edcia Rodovi\u00e1ria Federal (PRF) percebeu o momento em que o condutor de um Ford\/Fiesta freou bruscamente ao perceber que iria ser abordado e realizou manobra de retorno na rodovia, momento em que dispararam tiros com arma de fogo contra os policiais, que imediatamente revidaram e iniciaram o acompanhamento ao ve\u00edculo em fuga.<\/p>\n<p>Durante persegui\u00e7\u00e3o, o condutor do Fiesta parou o carro, momento em que dois homens desceram e fugiram para um matagal e o condutor seguiu em alta velocidade pela BR 407, quando, no trevo que d\u00e1 acesso \u00e0 cidade de Jaguarari, o motorista do autom\u00f3vel perdeu o controle e colidiu em um caminh\u00e3o. Depois disso, ele desceu do ve\u00edculo e fugiu rapidamente. A equipe da PRF fez buscas com intuito de encontrar os suspeitos, mas at\u00e9 o momento n\u00e3o foram localizados.<\/p>\n<p>Foi realizada a averigua\u00e7\u00e3o no ve\u00edculo, sendo constatado que a placa de identifica\u00e7\u00e3o n\u00e3o correspondia com seu chassi. Ap\u00f3s consulta no banco de dados, foi identificado o carro original, com registro de roubo no dia 09\/08\/2016, em Petrolina\/PE.<\/p>\n<p>Ainda durante as buscas aos suspeitos, os policiais identificaram uma testemunha, um caminhoneiro que quase foi v\u00edtima dos homens, o qual estava em um posto de combust\u00edveis, que informou que seguia pela BR 407, na altura do KM 101, quando tr\u00eas indiv\u00edduos em um ve\u00edculo com as mesmas caracter\u00edsticas desembarcaram e tentaram parar seu caminh\u00e3o, inclusive efetuando disparos de arma de fogo contra sua carroceria, mas sem sucesso.<\/p>\n<p>O ve\u00edculo roubado foi encaminhado para a Delegacia de Pol\u00edcia Civil de Senhor do Bonfim.<\/p>\n<\/div>\n<div class=\"_3x-2\">\n<div data-ft=\"{&quot;tn&quot;:&quot;H&quot;}\">\n<div class=\"mtm\">\n<div class=\"_2a2q\">\n<div class=\"uiScaledImageContainer\">\n<figure style=\"width: 476px\" class=\"wp-caption alignnone\"><img data-recalc-dims=\"1\" decoding=\"async\" class=\"scaledImageFitWidth img\" src=\"https:\/\/i0.wp.com\/fbcdn-photos-b-a.akamaihd.net\/hphotos-ak-xpf1\/v\/t1.0-0\/q81\/s480x480\/14495482_1290787994278957_4778146822078878506_n.jpg?resize=476%2C268&#038;ssl=1\" alt=\"Foto de PRF Bahia.\" width=\"476\" height=\"268\" \/><figcaption class=\"wp-caption-text\">Foto: PRF<\/figcaption><\/figure>\n<p><em>*Com informa\u00e7\u00f5es da PRF\/BA<\/em><\/p>\n<\/div>\n<\/div>\n<\/div>\n<\/div>\n<\/div>\n","protected":false},"excerpt":{"rendered":"<p>Policiais rodovi\u00e1rios federais recuperaram, na madrugada de hoje (28), um carro roubado ap\u00f3s troca de tiros com suspeitos de assaltos. A a\u00e7\u00e3o iniciou por volta das 00h05, no KM 114 da BR 407, em Senhor do Bonfim. Durante opera\u00e7\u00e3o de combate \u00e0 criminalidade, a equipe da Pol\u00edcia Rodovi\u00e1ria Federal (PRF) percebeu o momento em que [&hellip;]<\/p>\n","protected":false},"author":2,"featured_media":0,"comment_status":"open","ping_status":"open","sticky":false,"template":"","format":"standard","meta":{"_acf_changed":false,"_monsterinsights_skip_tracking":false,"_monsterinsights_sitenote_active":false,"_monsterinsights_sitenote_note":"","_monsterinsights_sitenote_category":0,"_jetpack_memberships_contains_paid_content":false,"footnotes":"","jetpack_publicize_message":"","jetpack_publicize_feature_enabled":true,"jetpack_social_post_already_shared":true,"jetpack_social_options":{"image_generator_settings":{"template":"highway","default_image_id":0,"font":"","enabled":false},"version":2}},"categories":[5,1,4],"tags":[],"class_list":["post-12510","post","type-post","status-publish","format-standard","hentry","category-cotidiano","category-noticias","category-local"],"acf":[],"jetpack_publicize_connections":[],"jetpack_featured_media_url":"","jetpack_sharing_enabled":true,"publishpress_future_workflow_manual_trigger":{"enabledWorkflows":[]},"_links":{"self":[{"href":"https:\/\/blogdoeloiltoncajuhy.com.br\/site\/wp-json\/wp\/v2\/posts\/12510","targetHints":{"allow":["GET"]}}],"collection":[{"href":"https:\/\/blogdoeloiltoncajuhy.com.br\/site\/wp-json\/wp\/v2\/posts"}],"about":[{"href":"https:\/\/blogdoeloiltoncajuhy.com.br\/site\/wp-json\/wp\/v2\/types\/post"}],"author":[{"embeddable":true,"href":"https:\/\/blogdoeloiltoncajuhy.com.br\/site\/wp-json\/wp\/v2\/users\/2"}],"replies":[{"embeddable":true,"href":"https:\/\/blogdoeloiltoncajuhy.com.br\/site\/wp-json\/wp\/v2\/comments?post=12510"}],"version-history":[{"count":1,"href":"https:\/\/blogdoeloiltoncajuhy.com.br\/site\/wp-json\/wp\/v2\/posts\/12510\/revisions"}],"predecessor-version":[{"id":12511,"href":"https:\/\/blogdoeloiltoncajuhy.com.br\/site\/wp-json\/wp\/v2\/posts\/12510\/revisions\/12511"}],"wp:attachment":[{"href":"https:\/\/blogdoeloiltoncajuhy.com.br\/site\/wp-json\/wp\/v2\/media?parent=12510"}],"wp:term":[{"taxonomy":"category","embeddable":true,"href":"https:\/\/blogdoeloiltoncajuhy.com.br\/site\/wp-json\/wp\/v2\/categories?post=12510"},{"taxonomy":"post_tag","embeddable":true,"href":"https:\/\/blogdoeloiltoncajuhy.com.br\/site\/wp-json\/wp\/v2\/tags?post=12510"}],"curies":[{"name":"wp","href":"https:\/\/api.w.org\/{rel}","templated":true}]}}