{"id":12508,"date":"2016-09-28T08:42:43","date_gmt":"2016-09-28T11:42:43","guid":{"rendered":"http:\/\/blogdoeloiltoncajuhy.com.br\/site\/?p=12508"},"modified":"2016-09-28T08:42:43","modified_gmt":"2016-09-28T11:42:43","slug":"greve-dos-bancarios-ja-dura-23-dias-a-maior-desde-2004","status":"publish","type":"post","link":"https:\/\/blogdoeloiltoncajuhy.com.br\/site\/greve-dos-bancarios-ja-dura-23-dias-a-maior-desde-2004\/","title":{"rendered":"Greve dos banc\u00e1rios j\u00e1 dura 23 dias, a maior desde 2004"},"content":{"rendered":"<p>A greve dos banc\u00e1rios, que entrou hoje (28) em seu 23\u00ba dia, j\u00e1 \u00e9 a terceira mais longa desde 2004, quando a paralisa\u00e7\u00e3o chegou a 30 dias. Em 2013, a segunda maior do per\u00edodo, a greve teve 24 dias. Ontem, ap\u00f3s reuni\u00e3o com a Federa\u00e7\u00e3o Nacional dos Bancos (Fenaban), o Comando Nacional dos Banc\u00e1rios disse que os representantes dos bancos sinalizaram com um novo modelo de acordo, que passar\u00e1 a ter validade de dois anos, em vez de um, como ocorreu nos \u00faltimos anos.<\/p>\n<p>\u201cO acordo de dois anos pode ser uma boa alternativa, desde que traga ganho para os banc\u00e1rios\u201d, disse Juvandia Moreira, presidente do Sindicato dos Banc\u00e1rios de S\u00e3o Paulo, Osasco e regi\u00e3o e uma das coordenadoras do Comando Nacional dos Banc\u00e1rios. Em nota, a Fenaban disse que a negocia\u00e7\u00e3o continuar\u00e1 hoje. Segundo os banc\u00e1rios, uma reuni\u00e3o est\u00e1 marcada para as 15h.<\/p>\n<p><a href=\"https:\/\/i0.wp.com\/blogdoeloiltoncajuhy.com.br\/site\/wp-content\/uploads\/2016\/09\/greve-bancos.jpg\"><img data-recalc-dims=\"1\" decoding=\"async\" class=\"size-full wp-image-12315 alignright\" src=\"https:\/\/i0.wp.com\/blogdoeloiltoncajuhy.com.br\/site\/wp-content\/uploads\/2016\/09\/greve-bancos.jpg?resize=277%2C160\" alt=\"greve-bancos\" width=\"277\" height=\"160\" srcset=\"https:\/\/i0.wp.com\/blogdoeloiltoncajuhy.com.br\/site\/wp-content\/uploads\/2016\/09\/greve-bancos.jpg?w=277&amp;ssl=1 277w, https:\/\/i0.wp.com\/blogdoeloiltoncajuhy.com.br\/site\/wp-content\/uploads\/2016\/09\/greve-bancos.jpg?resize=250%2C144&amp;ssl=1 250w\" sizes=\"(max-width: 277px) 100vw, 277px\" \/><\/a>Os trabalhadores reivindicam reajuste de 14,78%, sendo 5% de aumento real, considerando infla\u00e7\u00e3o de 9,31%; participa\u00e7\u00e3o nos lucros e resultados (PLR) de tr\u00eas sal\u00e1rios acrescidos de R$ 8.317,90; piso no valor do sal\u00e1rio m\u00ednimo do Dieese (R$ 3.940,24), e vales alimenta\u00e7\u00e3o, refei\u00e7\u00e3o, e aux\u00edlio-creche no valor do sal\u00e1rio m\u00ednimo nacional (R$ 880). Tamb\u00e9m \u00e9 pedido d\u00e9cimo quarto sal\u00e1rio, fim das metas abusivas e do ass\u00e9dio moral.<\/p>\n<p>Atualmente, os banc\u00e1rios recebem um piso de R$ 1.976,10 (R$ 2.669,45 no caso dos funcion\u00e1rios que trabalham no caixa ou tesouraria). A regra b\u00e1sica da participa\u00e7\u00e3o nos lucros e resultados \u00e9 90% do sal\u00e1rio acrescido de R$ 2.021,79 e parcela adicional de 2,2% do lucro l\u00edquido dividido linearmente entre os trabalhadores, podendo chegar a at\u00e9 R$ 4. 043,58. O aux\u00edlio-refei\u00e7\u00e3o \u00e9 de R$ 29,64 por dia.<\/p>\n<p>A proposta dos bancos, apresentada no \u00faltimo dia 9, foi de um reajuste de 7% para os sal\u00e1rios e benef\u00edcios, somado a um abono de R$ 3.300 a ser pago em at\u00e9 dez dias ap\u00f3s a assinatura do acordo. O reajuste seria aplicado tamb\u00e9m no PLR.<\/p>\n<p>\u201cA proposta apresentada traduz o esfor\u00e7o dos bancos por uma negocia\u00e7\u00e3o r\u00e1pida e equilibrada, capaz de atender \u00e0s demandas por corre\u00e7\u00e3o salarial e outros itens da Conven\u00e7\u00e3o Coletiva, com um modelo ajustado \u00e0 atual conjuntura econ\u00f4mica\u201d, disse em nota, na noite de ontem, a Fenaban.<\/p>\n<p>Um balan\u00e7o feito no fim do dia de ontem pelo Sindicato dos Banc\u00e1rios de S\u00e3o Paulo, Osasco e Regi\u00e3o informa que 913 locais de trabalho, sendo dez centros administrativos e 903 ag\u00eancias fecharam nesta ter\u00e7a-feira (27) na base do sindicato, com mais de 32 mil trabalhadores aderindo \u00e0 greve.<\/p>\n<p><em>*Ag\u00eancia Brasil<\/em><\/p>\n","protected":false},"excerpt":{"rendered":"<p>A greve dos banc\u00e1rios, que entrou hoje (28) em seu 23\u00ba dia, j\u00e1 \u00e9 a terceira mais longa desde 2004, quando a paralisa\u00e7\u00e3o chegou a 30 dias. Em 2013, a segunda maior do per\u00edodo, a greve teve 24 dias. Ontem, ap\u00f3s reuni\u00e3o com a Federa\u00e7\u00e3o Nacional dos Bancos (Fenaban), o Comando Nacional dos Banc\u00e1rios disse [&hellip;]<\/p>\n","protected":false},"author":2,"featured_media":0,"comment_status":"open","ping_status":"open","sticky":false,"template":"","format":"standard","meta":{"_acf_changed":false,"_monsterinsights_skip_tracking":false,"_monsterinsights_sitenote_active":false,"_monsterinsights_sitenote_note":"","_monsterinsights_sitenote_category":0,"_jetpack_memberships_contains_paid_content":false,"footnotes":"","jetpack_publicize_message":"","jetpack_publicize_feature_enabled":true,"jetpack_social_post_already_shared":true,"jetpack_social_options":{"image_generator_settings":{"template":"highway","default_image_id":0,"font":"","enabled":false},"version":2}},"categories":[5,1],"tags":[],"class_list":["post-12508","post","type-post","status-publish","format-standard","hentry","category-cotidiano","category-noticias"],"acf":[],"jetpack_publicize_connections":[],"jetpack_featured_media_url":"","jetpack_sharing_enabled":true,"publishpress_future_workflow_manual_trigger":{"enabledWorkflows":[]},"_links":{"self":[{"href":"https:\/\/blogdoeloiltoncajuhy.com.br\/site\/wp-json\/wp\/v2\/posts\/12508","targetHints":{"allow":["GET"]}}],"collection":[{"href":"https:\/\/blogdoeloiltoncajuhy.com.br\/site\/wp-json\/wp\/v2\/posts"}],"about":[{"href":"https:\/\/blogdoeloiltoncajuhy.com.br\/site\/wp-json\/wp\/v2\/types\/post"}],"author":[{"embeddable":true,"href":"https:\/\/blogdoeloiltoncajuhy.com.br\/site\/wp-json\/wp\/v2\/users\/2"}],"replies":[{"embeddable":true,"href":"https:\/\/blogdoeloiltoncajuhy.com.br\/site\/wp-json\/wp\/v2\/comments?post=12508"}],"version-history":[{"count":1,"href":"https:\/\/blogdoeloiltoncajuhy.com.br\/site\/wp-json\/wp\/v2\/posts\/12508\/revisions"}],"predecessor-version":[{"id":12509,"href":"https:\/\/blogdoeloiltoncajuhy.com.br\/site\/wp-json\/wp\/v2\/posts\/12508\/revisions\/12509"}],"wp:attachment":[{"href":"https:\/\/blogdoeloiltoncajuhy.com.br\/site\/wp-json\/wp\/v2\/media?parent=12508"}],"wp:term":[{"taxonomy":"category","embeddable":true,"href":"https:\/\/blogdoeloiltoncajuhy.com.br\/site\/wp-json\/wp\/v2\/categories?post=12508"},{"taxonomy":"post_tag","embeddable":true,"href":"https:\/\/blogdoeloiltoncajuhy.com.br\/site\/wp-json\/wp\/v2\/tags?post=12508"}],"curies":[{"name":"wp","href":"https:\/\/api.w.org\/{rel}","templated":true}]}}