{"id":12488,"date":"2016-09-27T00:06:03","date_gmt":"2016-09-27T03:06:03","guid":{"rendered":"http:\/\/blogdoeloiltoncajuhy.com.br\/site\/?p=12488"},"modified":"2016-09-27T00:06:03","modified_gmt":"2016-09-27T03:06:03","slug":"luto-na-musica-morre-a-cantora-carmen-silva","status":"publish","type":"post","link":"https:\/\/blogdoeloiltoncajuhy.com.br\/site\/luto-na-musica-morre-a-cantora-carmen-silva\/","title":{"rendered":"LUTO NA M\u00daSICA: Morre a cantora Carmen Silva"},"content":{"rendered":"<p><em><strong>Artista fez sucesso em 1969, com o hit &#8216;Adeus, solid\u00e3o&#8217; e, nos anos 2000, se lan\u00e7ou na carreira evang\u00e9lica. Atualmente, estava afastada da m\u00fasica<\/strong><\/em><\/p>\n<figure id=\"attachment_12490\" aria-describedby=\"caption-attachment-12490\" style=\"width: 620px\" class=\"wp-caption aligncenter\"><a href=\"https:\/\/i0.wp.com\/blogdoeloiltoncajuhy.com.br\/site\/wp-content\/uploads\/2016\/09\/carmen_silva1.jpg\"><img data-recalc-dims=\"1\" fetchpriority=\"high\" decoding=\"async\" class=\"wp-image-12490 size-full\" src=\"https:\/\/i0.wp.com\/blogdoeloiltoncajuhy.com.br\/site\/wp-content\/uploads\/2016\/09\/carmen_silva1.jpg?resize=620%2C504\" alt=\"carmen_silva1\" width=\"620\" height=\"504\" srcset=\"https:\/\/i0.wp.com\/blogdoeloiltoncajuhy.com.br\/site\/wp-content\/uploads\/2016\/09\/carmen_silva1.jpg?w=620&amp;ssl=1 620w, https:\/\/i0.wp.com\/blogdoeloiltoncajuhy.com.br\/site\/wp-content\/uploads\/2016\/09\/carmen_silva1.jpg?resize=300%2C244&amp;ssl=1 300w, https:\/\/i0.wp.com\/blogdoeloiltoncajuhy.com.br\/site\/wp-content\/uploads\/2016\/09\/carmen_silva1.jpg?resize=250%2C203&amp;ssl=1 250w\" sizes=\"(max-width: 620px) 100vw, 620px\" \/><\/a><figcaption id=\"caption-attachment-12490\" class=\"wp-caption-text\">Carmen Silva fez sucesso em todo o Brasil na d\u00e9cada de 70 (Foto: Reprodu\u00e7\u00e3o)<\/figcaption><\/figure>\n<p>Uma not\u00edcia triste para o mundo da m\u00fasica. A cantora Carmen Silva, conhecida como P\u00e9rola Negra, morreu no in\u00edcio da manh\u00e3 desta segunda-feira, 26, em S\u00e3o Paulo, aos 71 anos. Segundo o Hospital Presidente, ela estava internada na unidade desde o \u00faltimo dia 14, e a morte aconteceu em decorr\u00eancia de uma parada card\u00edaca provocada por tromboembolia.<\/p>\n<p>Natural de Ver\u00edssimo, cidade do Tri\u00e2ngulo Mineiro, Carmen Sebastiana de Jesus (nome de batismo) trabalhava na juventude como bab\u00e1 e empregada dom\u00e9stica, mas tinha o sonho de ser cantora. Determinada com essa meta, ela passou a participar de programas de calouros.<\/p>\n<figure id=\"attachment_12489\" aria-describedby=\"caption-attachment-12489\" style=\"width: 288px\" class=\"wp-caption aligncenter\"><a href=\"https:\/\/i0.wp.com\/blogdoeloiltoncajuhy.com.br\/site\/wp-content\/uploads\/2016\/09\/carmen_silva.jpg\"><img data-recalc-dims=\"1\" decoding=\"async\" class=\"wp-image-12489 size-full\" src=\"https:\/\/i0.wp.com\/blogdoeloiltoncajuhy.com.br\/site\/wp-content\/uploads\/2016\/09\/carmen_silva.jpg?resize=288%2C287\" alt=\"carmen_silva\" width=\"288\" height=\"287\" srcset=\"https:\/\/i0.wp.com\/blogdoeloiltoncajuhy.com.br\/site\/wp-content\/uploads\/2016\/09\/carmen_silva.jpg?w=288&amp;ssl=1 288w, https:\/\/i0.wp.com\/blogdoeloiltoncajuhy.com.br\/site\/wp-content\/uploads\/2016\/09\/carmen_silva.jpg?resize=150%2C150&amp;ssl=1 150w, https:\/\/i0.wp.com\/blogdoeloiltoncajuhy.com.br\/site\/wp-content\/uploads\/2016\/09\/carmen_silva.jpg?resize=250%2C250&amp;ssl=1 250w, https:\/\/i0.wp.com\/blogdoeloiltoncajuhy.com.br\/site\/wp-content\/uploads\/2016\/09\/carmen_silva.jpg?resize=48%2C48&amp;ssl=1 48w\" sizes=\"(max-width: 288px) 100vw, 288px\" \/><\/a><figcaption id=\"caption-attachment-12489\" class=\"wp-caption-text\">Disco de Carmen Silva com sucessos da cantora (Foto: Reprodu\u00e7\u00e3o)<\/figcaption><\/figure>\n<p>No fim da d\u00e9cada de 60, em uma\u00a0de suas tentativas, Carmen venceu o concurso &#8220;Um Cantor por um Milh\u00e3o, um Milh\u00e3o por uma Can\u00e7\u00e3o&#8221;, na TV Record. Devido \u00e0 visibilidade conquistada, foi convidada a gravar seu primeiro compacto, que a lan\u00e7aria para o sucesso em todo o Brasil com a m\u00fasica &#8220;Adeus, solid\u00e3o&#8221;, de 1969. A can\u00e7\u00e3o era uma vers\u00e3o de Newton Miranda para &#8220;Picking up pebbles&#8221;, de Custis.<\/p>\n<p>Durante a carreira, lan\u00e7ou outros sucessos, como &#8220;Espinho na Cama&#8221;, &#8220;Meu Velho Pai&#8221;, &#8220;Fofurinha&#8221; e &#8220;Amor com Amor se Paga&#8221;, e ganhou pr\u00eamios, como os trof\u00e9us Roquete Pinto e Chico Viola.<\/p>\n<p>Na d\u00e9cada de 90, a carreira come\u00e7ou a entrar em decl\u00ednio e, com isso, passou a enfrentar crises de depress\u00e3o. Nesse per\u00edodo, viajou aos Estados Unidos para visitar sua \u00fanica filha, Karla, que frequentava cultos evang\u00e9licos. L\u00e1, Carmen se converteu \u00e0 religi\u00e3o.<\/p>\n<figure id=\"attachment_12491\" aria-describedby=\"caption-attachment-12491\" style=\"width: 620px\" class=\"wp-caption aligncenter\"><a href=\"https:\/\/i0.wp.com\/blogdoeloiltoncajuhy.com.br\/site\/wp-content\/uploads\/2016\/09\/carmen_silva2.jpg\"><img data-recalc-dims=\"1\" decoding=\"async\" class=\"wp-image-12491 size-full\" src=\"https:\/\/i0.wp.com\/blogdoeloiltoncajuhy.com.br\/site\/wp-content\/uploads\/2016\/09\/carmen_silva2.jpg?resize=620%2C409\" alt=\"carmen_silva2\" width=\"620\" height=\"409\" srcset=\"https:\/\/i0.wp.com\/blogdoeloiltoncajuhy.com.br\/site\/wp-content\/uploads\/2016\/09\/carmen_silva2.jpg?w=620&amp;ssl=1 620w, https:\/\/i0.wp.com\/blogdoeloiltoncajuhy.com.br\/site\/wp-content\/uploads\/2016\/09\/carmen_silva2.jpg?resize=300%2C198&amp;ssl=1 300w, https:\/\/i0.wp.com\/blogdoeloiltoncajuhy.com.br\/site\/wp-content\/uploads\/2016\/09\/carmen_silva2.jpg?resize=250%2C165&amp;ssl=1 250w\" sizes=\"(max-width: 620px) 100vw, 620px\" \/><\/a><figcaption id=\"caption-attachment-12491\" class=\"wp-caption-text\">Morre a cantora Carmen Silva em S\u00e3o Paulo aos 71 anos (Foto: Reprodu\u00e7\u00e3o)<\/figcaption><\/figure>\n<p>Em 2001, iniciou carreira gospel ao assinar contrato com a gravadora Gra\u00e7a Music. Lan\u00e7ou tr\u00eas CDs pelo selo, sendo que o primeiro vendeu mais de 100 mil c\u00f3pias, garantido Disco de Ouro \u00e0 artista.<\/p>\n<p>Em 2004, ela decidiu n\u00e3o renovar contrato com a gravadora e passou a se dedicar a assuntos pessoais, deixando a carreira como cantora em segundo plano.<\/p>\n<p><em>*EGO<\/em><\/p>\n","protected":false},"excerpt":{"rendered":"<p>Artista fez sucesso em 1969, com o hit &#8216;Adeus, solid\u00e3o&#8217; e, nos anos 2000, se lan\u00e7ou na carreira evang\u00e9lica. Atualmente, estava afastada da m\u00fasica Uma not\u00edcia triste para o mundo da m\u00fasica. A cantora Carmen Silva, conhecida como P\u00e9rola Negra, morreu no in\u00edcio da manh\u00e3 desta segunda-feira, 26, em S\u00e3o Paulo, aos 71 anos. Segundo [&hellip;]<\/p>\n","protected":false},"author":2,"featured_media":12491,"comment_status":"open","ping_status":"open","sticky":false,"template":"","format":"standard","meta":{"_acf_changed":false,"_monsterinsights_skip_tracking":false,"_monsterinsights_sitenote_active":false,"_monsterinsights_sitenote_note":"","_monsterinsights_sitenote_category":0,"_jetpack_memberships_contains_paid_content":false,"footnotes":"","jetpack_publicize_message":"","jetpack_publicize_feature_enabled":true,"jetpack_social_post_already_shared":true,"jetpack_social_options":{"image_generator_settings":{"template":"highway","default_image_id":0,"font":"","enabled":false},"version":2}},"categories":[8,1],"tags":[],"class_list":["post-12488","post","type-post","status-publish","format-standard","has-post-thumbnail","hentry","category-cultura","category-noticias"],"acf":[],"jetpack_publicize_connections":[],"jetpack_featured_media_url":"https:\/\/i0.wp.com\/blogdoeloiltoncajuhy.com.br\/site\/wp-content\/uploads\/2016\/09\/carmen_silva2.jpg?fit=620%2C409&ssl=1","jetpack_sharing_enabled":true,"publishpress_future_workflow_manual_trigger":{"enabledWorkflows":[]},"_links":{"self":[{"href":"https:\/\/blogdoeloiltoncajuhy.com.br\/site\/wp-json\/wp\/v2\/posts\/12488","targetHints":{"allow":["GET"]}}],"collection":[{"href":"https:\/\/blogdoeloiltoncajuhy.com.br\/site\/wp-json\/wp\/v2\/posts"}],"about":[{"href":"https:\/\/blogdoeloiltoncajuhy.com.br\/site\/wp-json\/wp\/v2\/types\/post"}],"author":[{"embeddable":true,"href":"https:\/\/blogdoeloiltoncajuhy.com.br\/site\/wp-json\/wp\/v2\/users\/2"}],"replies":[{"embeddable":true,"href":"https:\/\/blogdoeloiltoncajuhy.com.br\/site\/wp-json\/wp\/v2\/comments?post=12488"}],"version-history":[{"count":1,"href":"https:\/\/blogdoeloiltoncajuhy.com.br\/site\/wp-json\/wp\/v2\/posts\/12488\/revisions"}],"predecessor-version":[{"id":12492,"href":"https:\/\/blogdoeloiltoncajuhy.com.br\/site\/wp-json\/wp\/v2\/posts\/12488\/revisions\/12492"}],"wp:featuredmedia":[{"embeddable":true,"href":"https:\/\/blogdoeloiltoncajuhy.com.br\/site\/wp-json\/wp\/v2\/media\/12491"}],"wp:attachment":[{"href":"https:\/\/blogdoeloiltoncajuhy.com.br\/site\/wp-json\/wp\/v2\/media?parent=12488"}],"wp:term":[{"taxonomy":"category","embeddable":true,"href":"https:\/\/blogdoeloiltoncajuhy.com.br\/site\/wp-json\/wp\/v2\/categories?post=12488"},{"taxonomy":"post_tag","embeddable":true,"href":"https:\/\/blogdoeloiltoncajuhy.com.br\/site\/wp-json\/wp\/v2\/tags?post=12488"}],"curies":[{"name":"wp","href":"https:\/\/api.w.org\/{rel}","templated":true}]}}