{"id":11972,"date":"2016-08-29T23:25:26","date_gmt":"2016-08-30T02:25:26","guid":{"rendered":"http:\/\/blogdoeloiltoncajuhy.com.br\/site\/?p=11972"},"modified":"2024-02-13T09:43:05","modified_gmt":"2024-02-13T12:43:05","slug":"cultura-morre-em-irece-o-cantor-ju-da-dupla-tony-ju","status":"publish","type":"post","link":"https:\/\/blogdoeloiltoncajuhy.com.br\/site\/cultura-morre-em-irece-o-cantor-ju-da-dupla-tony-ju\/","title":{"rendered":"Cultura: Morre em Irec\u00ea o cantor J\u00fa da dupla Tony &#038; J\u00fa"},"content":{"rendered":"<p><strong>An\u00fancio da morte do cantor deixou os f\u00e3s e admiradores do trabalho da dupla desolados<\/strong><\/p>\n<figure id=\"attachment_11974\" aria-describedby=\"caption-attachment-11974\" style=\"width: 540px\" class=\"wp-caption aligncenter\"><a href=\"https:\/\/i0.wp.com\/blogdoeloiltoncajuhy.com.br\/site\/wp-content\/uploads\/2016\/08\/tonyju.jpg\"><img data-recalc-dims=\"1\" fetchpriority=\"high\" decoding=\"async\" class=\"wp-image-11974 size-full\" src=\"https:\/\/i0.wp.com\/blogdoeloiltoncajuhy.com.br\/site\/wp-content\/uploads\/2016\/08\/tonyju.jpg?resize=540%2C402\" alt=\"tony&amp;ju\" width=\"540\" height=\"402\" srcset=\"https:\/\/i0.wp.com\/blogdoeloiltoncajuhy.com.br\/site\/wp-content\/uploads\/2016\/08\/tonyju.jpg?w=540&amp;ssl=1 540w, https:\/\/i0.wp.com\/blogdoeloiltoncajuhy.com.br\/site\/wp-content\/uploads\/2016\/08\/tonyju.jpg?resize=300%2C223&amp;ssl=1 300w, https:\/\/i0.wp.com\/blogdoeloiltoncajuhy.com.br\/site\/wp-content\/uploads\/2016\/08\/tonyju.jpg?resize=250%2C186&amp;ssl=1 250w\" sizes=\"(max-width: 540px) 100vw, 540px\" \/><\/a><figcaption id=\"caption-attachment-11974\" class=\"wp-caption-text\">J\u00fa (\u00e0 direita) faleceu nesta segunda-feira (29) em Irec\u00ea (Foto: Palco MP3)<\/figcaption><\/figure>\n<p>O cantor J\u00fa, que formava a dupla Tony &amp; J\u00fa, faleceu na noite desta segunda-feira (29), v\u00edtima de um infarto. A dupla, conhecida como Os Meninos do Sert\u00e3o, fez diversos shows em Irec\u00ea e regi\u00e3o, atraindo multid\u00f5es com seu forr\u00f3 envolvente.<\/p>\n<p>No in\u00edcio dos anos 2000, a dupla era presen\u00e7a constante em Senhor do Bonfim e cidades da regi\u00e3o. Em novembro de 2002, por exemplo, eles e a banda Zezinho da Ema, lotaram o Campo Clube em uma festa inesquec\u00edvel. Segundo os organizadores, o evento\u00a0registrou um dos maiores p\u00fablicos da hist\u00f3ria do clube.<\/p>\n<p><em>*Irec\u00ea Rep\u00f3rter \/ Adapta\u00e7\u00e3o Eloilton Cajuhy<\/em><\/p>\n","protected":false},"excerpt":{"rendered":"<p>An\u00fancio da morte do cantor deixou os f\u00e3s e admiradores do trabalho da dupla desolados O cantor J\u00fa, que formava a dupla Tony &amp; J\u00fa, faleceu na noite desta segunda-feira (29), v\u00edtima de um infarto. A dupla, conhecida como Os Meninos do Sert\u00e3o, fez diversos shows em Irec\u00ea e regi\u00e3o, atraindo multid\u00f5es com seu forr\u00f3 [&hellip;]<\/p>\n","protected":false},"author":2,"featured_media":11974,"comment_status":"open","ping_status":"open","sticky":false,"template":"","format":"standard","meta":{"_acf_changed":false,"_monsterinsights_skip_tracking":false,"_monsterinsights_sitenote_active":false,"_monsterinsights_sitenote_note":"","_monsterinsights_sitenote_category":0,"_jetpack_memberships_contains_paid_content":false,"footnotes":"","jetpack_publicize_message":"","jetpack_publicize_feature_enabled":true,"jetpack_social_post_already_shared":true,"jetpack_social_options":{"image_generator_settings":{"template":"highway","default_image_id":0,"font":"","enabled":false},"version":2}},"categories":[8,1,11],"tags":[],"class_list":["post-11972","post","type-post","status-publish","format-standard","has-post-thumbnail","hentry","category-cultura","category-noticias","category-regional"],"acf":[],"jetpack_publicize_connections":[],"jetpack_featured_media_url":"https:\/\/i0.wp.com\/blogdoeloiltoncajuhy.com.br\/site\/wp-content\/uploads\/2016\/08\/tonyju.jpg?fit=540%2C402&ssl=1","jetpack_sharing_enabled":true,"publishpress_future_workflow_manual_trigger":{"enabledWorkflows":[]},"_links":{"self":[{"href":"https:\/\/blogdoeloiltoncajuhy.com.br\/site\/wp-json\/wp\/v2\/posts\/11972","targetHints":{"allow":["GET"]}}],"collection":[{"href":"https:\/\/blogdoeloiltoncajuhy.com.br\/site\/wp-json\/wp\/v2\/posts"}],"about":[{"href":"https:\/\/blogdoeloiltoncajuhy.com.br\/site\/wp-json\/wp\/v2\/types\/post"}],"author":[{"embeddable":true,"href":"https:\/\/blogdoeloiltoncajuhy.com.br\/site\/wp-json\/wp\/v2\/users\/2"}],"replies":[{"embeddable":true,"href":"https:\/\/blogdoeloiltoncajuhy.com.br\/site\/wp-json\/wp\/v2\/comments?post=11972"}],"version-history":[{"count":2,"href":"https:\/\/blogdoeloiltoncajuhy.com.br\/site\/wp-json\/wp\/v2\/posts\/11972\/revisions"}],"predecessor-version":[{"id":79178,"href":"https:\/\/blogdoeloiltoncajuhy.com.br\/site\/wp-json\/wp\/v2\/posts\/11972\/revisions\/79178"}],"wp:featuredmedia":[{"embeddable":true,"href":"https:\/\/blogdoeloiltoncajuhy.com.br\/site\/wp-json\/wp\/v2\/media\/11974"}],"wp:attachment":[{"href":"https:\/\/blogdoeloiltoncajuhy.com.br\/site\/wp-json\/wp\/v2\/media?parent=11972"}],"wp:term":[{"taxonomy":"category","embeddable":true,"href":"https:\/\/blogdoeloiltoncajuhy.com.br\/site\/wp-json\/wp\/v2\/categories?post=11972"},{"taxonomy":"post_tag","embeddable":true,"href":"https:\/\/blogdoeloiltoncajuhy.com.br\/site\/wp-json\/wp\/v2\/tags?post=11972"}],"curies":[{"name":"wp","href":"https:\/\/api.w.org\/{rel}","templated":true}]}}