{"id":11968,"date":"2016-08-29T22:47:59","date_gmt":"2016-08-30T01:47:59","guid":{"rendered":"http:\/\/blogdoeloiltoncajuhy.com.br\/site\/?p=11968"},"modified":"2016-08-29T22:47:59","modified_gmt":"2016-08-30T01:47:59","slug":"bonner-e-fatima-bernardes-anunciam-fim-do-casamento-de-26-anos","status":"publish","type":"post","link":"https:\/\/blogdoeloiltoncajuhy.com.br\/site\/bonner-e-fatima-bernardes-anunciam-fim-do-casamento-de-26-anos\/","title":{"rendered":"Bonner e F\u00e1tima Bernardes anunciam fim do casamento de 26 anos"},"content":{"rendered":"<p><strong>Os jornalistas postaram na web: &#8216;Continuamos amigos, admiradores do trabalho um do outro e pais orgulhosos de tr\u00eas jovens incr\u00edveis&#8217;<\/strong><\/p>\n<figure id=\"attachment_11969\" aria-describedby=\"caption-attachment-11969\" style=\"width: 620px\" class=\"wp-caption aligncenter\"><a href=\"https:\/\/i0.wp.com\/blogdoeloiltoncajuhy.com.br\/site\/wp-content\/uploads\/2016\/08\/separacao21.jpg\"><img data-recalc-dims=\"1\" fetchpriority=\"high\" decoding=\"async\" class=\"wp-image-11969 size-full\" src=\"https:\/\/i0.wp.com\/blogdoeloiltoncajuhy.com.br\/site\/wp-content\/uploads\/2016\/08\/separacao21.jpg?resize=620%2C413\" alt=\"separacao21\" width=\"620\" height=\"413\" srcset=\"https:\/\/i0.wp.com\/blogdoeloiltoncajuhy.com.br\/site\/wp-content\/uploads\/2016\/08\/separacao21.jpg?w=620&amp;ssl=1 620w, https:\/\/i0.wp.com\/blogdoeloiltoncajuhy.com.br\/site\/wp-content\/uploads\/2016\/08\/separacao21.jpg?resize=300%2C200&amp;ssl=1 300w, https:\/\/i0.wp.com\/blogdoeloiltoncajuhy.com.br\/site\/wp-content\/uploads\/2016\/08\/separacao21.jpg?resize=250%2C167&amp;ssl=1 250w\" sizes=\"(max-width: 620px) 100vw, 620px\" \/><\/a><figcaption id=\"caption-attachment-11969\" class=\"wp-caption-text\">William Bonner e Fatima Bernardes (Foto: Ego)<\/figcaption><\/figure>\n<p>William Bonner e F\u00e1tima Bernardes anunciaram nesta segunda-feira, 29, que est\u00e3o se separando. Os jornalistas, que ficaram juntos por 26 anos, publicaram a mesma mensagem no Twitter na noite desta segunda como forma de comunicado sobre o fim do Casamento.<\/p>\n<p>&#8220;Em respeito aos amigos e f\u00e3s que conquistamos nos \u00faltimos 26 anos, decidimos comunicar que estamos nos separando. Continuamos amigos, admiradores do trabalho um do outro e pais orgulhosos de tr\u00eas jovens incr\u00edveis. \u00c9 tudo o que temos a declarar sobre o assunto.\u00a0 Agradecemos a compreens\u00e3o, o carinho e o respeito de sempre. F\u00e1tima e William&#8221;, escreveu o casal.<\/p>\n<p>O casamento de William Bonner e F\u00e1tima Bernardes, que se conheceram nos bastidores do &#8220;Jornal da Globo&#8221;, aconteceu em 1990. Em 21 de outubro de 1997, F\u00e1tima deu \u00e0 luz trig\u00eameos. F\u00e1tima assumiu a bancada do &#8220;Jornal Nacional&#8221; em 1998, ao lado William. Eles trabalharam juntos at\u00e9 2011. Em 2012, ela passou a comandar o pr\u00f3prio programa, &#8220;Encontro com F\u00e1tima Bernardes&#8221;.<\/p>\n<figure id=\"attachment_11970\" aria-describedby=\"caption-attachment-11970\" style=\"width: 500px\" class=\"wp-caption aligncenter\"><a href=\"https:\/\/i0.wp.com\/blogdoeloiltoncajuhy.com.br\/site\/wp-content\/uploads\/2016\/08\/separacao22-e1472521640131.jpg\"><img data-recalc-dims=\"1\" decoding=\"async\" class=\"wp-image-11970 size-full\" src=\"https:\/\/i0.wp.com\/blogdoeloiltoncajuhy.com.br\/site\/wp-content\/uploads\/2016\/08\/separacao22-e1472521640131.jpg?resize=500%2C500\" alt=\"separacao22\" width=\"500\" height=\"500\" \/><\/a><figcaption id=\"caption-attachment-11970\" class=\"wp-caption-text\">William Bonner e F\u00e1tima Bernardes (Foto: Instagram\/ Reprodu\u00e7\u00e3o)<\/figcaption><\/figure>\n<p><em>*EGO<\/em><\/p>\n","protected":false},"excerpt":{"rendered":"<p>Os jornalistas postaram na web: &#8216;Continuamos amigos, admiradores do trabalho um do outro e pais orgulhosos de tr\u00eas jovens incr\u00edveis&#8217; William Bonner e F\u00e1tima Bernardes anunciaram nesta segunda-feira, 29, que est\u00e3o se separando. Os jornalistas, que ficaram juntos por 26 anos, publicaram a mesma mensagem no Twitter na noite desta segunda como forma de comunicado [&hellip;]<\/p>\n","protected":false},"author":2,"featured_media":11970,"comment_status":"open","ping_status":"open","sticky":false,"template":"","format":"standard","meta":{"_acf_changed":false,"_monsterinsights_skip_tracking":false,"_monsterinsights_sitenote_active":false,"_monsterinsights_sitenote_note":"","_monsterinsights_sitenote_category":0,"_jetpack_memberships_contains_paid_content":false,"footnotes":"","jetpack_publicize_message":"","jetpack_publicize_feature_enabled":true,"jetpack_social_post_already_shared":true,"jetpack_social_options":{"image_generator_settings":{"template":"highway","default_image_id":0,"font":"","enabled":false},"version":2}},"categories":[5,1],"tags":[],"class_list":["post-11968","post","type-post","status-publish","format-standard","has-post-thumbnail","hentry","category-cotidiano","category-noticias"],"acf":[],"jetpack_publicize_connections":[],"jetpack_featured_media_url":"https:\/\/i0.wp.com\/blogdoeloiltoncajuhy.com.br\/site\/wp-content\/uploads\/2016\/08\/separacao22-e1472521640131.jpg?fit=500%2C500&ssl=1","jetpack_sharing_enabled":true,"publishpress_future_workflow_manual_trigger":{"enabledWorkflows":[]},"_links":{"self":[{"href":"https:\/\/blogdoeloiltoncajuhy.com.br\/site\/wp-json\/wp\/v2\/posts\/11968","targetHints":{"allow":["GET"]}}],"collection":[{"href":"https:\/\/blogdoeloiltoncajuhy.com.br\/site\/wp-json\/wp\/v2\/posts"}],"about":[{"href":"https:\/\/blogdoeloiltoncajuhy.com.br\/site\/wp-json\/wp\/v2\/types\/post"}],"author":[{"embeddable":true,"href":"https:\/\/blogdoeloiltoncajuhy.com.br\/site\/wp-json\/wp\/v2\/users\/2"}],"replies":[{"embeddable":true,"href":"https:\/\/blogdoeloiltoncajuhy.com.br\/site\/wp-json\/wp\/v2\/comments?post=11968"}],"version-history":[{"count":1,"href":"https:\/\/blogdoeloiltoncajuhy.com.br\/site\/wp-json\/wp\/v2\/posts\/11968\/revisions"}],"predecessor-version":[{"id":11971,"href":"https:\/\/blogdoeloiltoncajuhy.com.br\/site\/wp-json\/wp\/v2\/posts\/11968\/revisions\/11971"}],"wp:featuredmedia":[{"embeddable":true,"href":"https:\/\/blogdoeloiltoncajuhy.com.br\/site\/wp-json\/wp\/v2\/media\/11970"}],"wp:attachment":[{"href":"https:\/\/blogdoeloiltoncajuhy.com.br\/site\/wp-json\/wp\/v2\/media?parent=11968"}],"wp:term":[{"taxonomy":"category","embeddable":true,"href":"https:\/\/blogdoeloiltoncajuhy.com.br\/site\/wp-json\/wp\/v2\/categories?post=11968"},{"taxonomy":"post_tag","embeddable":true,"href":"https:\/\/blogdoeloiltoncajuhy.com.br\/site\/wp-json\/wp\/v2\/tags?post=11968"}],"curies":[{"name":"wp","href":"https:\/\/api.w.org\/{rel}","templated":true}]}}