{"id":11962,"date":"2016-08-29T18:53:55","date_gmt":"2016-08-29T21:53:55","guid":{"rendered":"http:\/\/blogdoeloiltoncajuhy.com.br\/site\/?p=11962"},"modified":"2016-08-29T18:53:55","modified_gmt":"2016-08-29T21:53:55","slug":"mortas-em-camacari-adolescentes-nao-tinham-relacao-direta-com-o-trafico-diz-delegada","status":"publish","type":"post","link":"https:\/\/blogdoeloiltoncajuhy.com.br\/site\/mortas-em-camacari-adolescentes-nao-tinham-relacao-direta-com-o-trafico-diz-delegada\/","title":{"rendered":"MORTAS EM CAMA\u00c7ARI: Adolescentes n\u00e3o tinham rela\u00e7\u00e3o direta com o tr\u00e1fico, diz delegada"},"content":{"rendered":"<p><strong>Segundo titular da investiga\u00e7\u00e3o, duas delas namoravam rapazes suspeitos.\u00a0Mortes ocorreram em Cama\u00e7ari, na regi\u00e3o metropolitana de Salvador<\/strong><\/p>\n<figure id=\"attachment_11964\" aria-describedby=\"caption-attachment-11964\" style=\"width: 620px\" class=\"wp-caption aligncenter\"><a href=\"https:\/\/i0.wp.com\/blogdoeloiltoncajuhy.com.br\/site\/wp-content\/uploads\/2016\/08\/crimes-cama%C3%A7ari333.jpg\"><img data-recalc-dims=\"1\" fetchpriority=\"high\" decoding=\"async\" class=\"wp-image-11964 size-full\" src=\"https:\/\/i0.wp.com\/blogdoeloiltoncajuhy.com.br\/site\/wp-content\/uploads\/2016\/08\/crimes-cama%C3%A7ari333.jpg?resize=620%2C349\" alt=\"crimes-cama\u00e7ari333\" width=\"620\" height=\"349\" srcset=\"https:\/\/i0.wp.com\/blogdoeloiltoncajuhy.com.br\/site\/wp-content\/uploads\/2016\/08\/crimes-cama%C3%A7ari333.jpg?w=620&amp;ssl=1 620w, https:\/\/i0.wp.com\/blogdoeloiltoncajuhy.com.br\/site\/wp-content\/uploads\/2016\/08\/crimes-cama%C3%A7ari333.jpg?resize=300%2C169&amp;ssl=1 300w, https:\/\/i0.wp.com\/blogdoeloiltoncajuhy.com.br\/site\/wp-content\/uploads\/2016\/08\/crimes-cama%C3%A7ari333.jpg?resize=250%2C141&amp;ssl=1 250w\" sizes=\"(max-width: 620px) 100vw, 620px\" \/><\/a><figcaption id=\"caption-attachment-11964\" class=\"wp-caption-text\">Garotas assassinadas em Cama\u00e7ari (Foto: Reprodu\u00e7\u00e3o TV Bahia)<\/figcaption><\/figure>\n<p>As tr\u00eas jovens mortas em Cama\u00e7ari, regi\u00e3o metropolitana de Salvador na \u00faltima sexta-feira (26), n\u00e3o tinham envolvimento direto com o tr\u00e1fico de drogas, segundo informa\u00e7\u00f5es da delegada Maria Tereza Silva que investiga o caso. Conforme a titular da 4\u00b0 Delegacia de Homic\u00eddios, duas das meninas namoravam com rapazes envolvidos com o tr\u00e1fico.<\/p>\n<p>&#8220;Elas namoravam simplesmente [com os jovens]. Poderiam at\u00e9 saber que eles tinham envolvimento com o tr\u00e1fico de drogas, mas elas n\u00e3o tinham diretamente envolvimento. \u00c9 disputa e rivalidade. Eles [os traficantes] querem o ponto de drogas que rende mais e tamb\u00e9m por conta de brigas entre si&#8221;, explicou.\u00a0Junto com as adolescentes estava um jovem de 21 anos, que foi sequestrado, e depois encontrado morto em Cama\u00e7ari.<\/p>\n<p>A delegada tamb\u00e9m falou sobre a seguran\u00e7a no bairro e que o foco da pol\u00edcia \u00e9 encontrar as pessoas envolvidas. &#8220;A popula\u00e7\u00e3o que n\u00e3o tenha nada a ver com o tr\u00e1fico de drogas n\u00e3o tem que ficar preocupada. A pol\u00edcia est\u00e1 na rua, a maior parte concentrada no bairro Nova Vit\u00f3ria&#8221;, disse.<\/p>\n<p>At\u00e9 a publica\u00e7\u00e3o desta reportagem, n\u00e3o havia detalhes sobre a motiva\u00e7\u00e3o e autoria dos crimes contra os jovens. Uma reuni\u00e3o de avalia\u00e7\u00e3o da SSP-BA foi\u00a0marcada para o turno da tarde desta segunda-feira. Nenhum suspeito ainda foi preso.<\/p>\n<p><strong>Homic\u00eddios<\/strong><br \/>\nNove homic\u00eddios foram registrados durante o \u00faltimo final de semana em Cama\u00e7ari. Al\u00e9m das tr\u00eas adolescentes e o jovem de 21 anos, outras cinco mortes aconteceram no bairro. Um homic\u00eddio foi no s\u00e1bado e quatro no domingo (28).<\/p>\n<p>As v\u00edtimas de domingo foram um menor de 17 anos, uma jovem de 19, um jovem de 21, e um homem que n\u00e3o foi identificado. De acordo com a pol\u00edcia, com exce\u00e7\u00e3o do homem n\u00e3o identificado, que foi morto a facadas, todos os outros foram mortos a tiros.<\/p>\n<p>A Secretaria de Seguran\u00e7a P\u00fablica da Bahia (SSP-BA) informou que tem ind\u00edcios sobre a autoria dos crimes, que s\u00e3o investigados pelos departamentos de Homic\u00eddio e Prote\u00e7\u00e3o \u00e0 Pessoa (DDHP) e de Pol\u00edcia Metropolitana (Depom).<\/p>\n<p><em>*Do G1 BA, com informa\u00e7\u00f5es da TV Bahia<\/em><\/p>\n","protected":false},"excerpt":{"rendered":"<p>Segundo titular da investiga\u00e7\u00e3o, duas delas namoravam rapazes suspeitos.\u00a0Mortes ocorreram em Cama\u00e7ari, na regi\u00e3o metropolitana de Salvador As tr\u00eas jovens mortas em Cama\u00e7ari, regi\u00e3o metropolitana de Salvador na \u00faltima sexta-feira (26), n\u00e3o tinham envolvimento direto com o tr\u00e1fico de drogas, segundo informa\u00e7\u00f5es da delegada Maria Tereza Silva que investiga o caso. Conforme a titular da [&hellip;]<\/p>\n","protected":false},"author":2,"featured_media":11964,"comment_status":"open","ping_status":"open","sticky":false,"template":"","format":"standard","meta":{"_acf_changed":false,"_monsterinsights_skip_tracking":false,"_monsterinsights_sitenote_active":false,"_monsterinsights_sitenote_note":"","_monsterinsights_sitenote_category":0,"_jetpack_memberships_contains_paid_content":false,"footnotes":"","jetpack_publicize_message":"","jetpack_publicize_feature_enabled":true,"jetpack_social_post_already_shared":true,"jetpack_social_options":{"image_generator_settings":{"template":"highway","default_image_id":0,"font":"","enabled":false},"version":2}},"categories":[5,1],"tags":[],"class_list":["post-11962","post","type-post","status-publish","format-standard","has-post-thumbnail","hentry","category-cotidiano","category-noticias"],"acf":[],"jetpack_publicize_connections":[],"jetpack_featured_media_url":"https:\/\/i0.wp.com\/blogdoeloiltoncajuhy.com.br\/site\/wp-content\/uploads\/2016\/08\/crimes-cama%C3%A7ari333.jpg?fit=620%2C349&ssl=1","jetpack_sharing_enabled":true,"publishpress_future_workflow_manual_trigger":{"enabledWorkflows":[]},"_links":{"self":[{"href":"https:\/\/blogdoeloiltoncajuhy.com.br\/site\/wp-json\/wp\/v2\/posts\/11962","targetHints":{"allow":["GET"]}}],"collection":[{"href":"https:\/\/blogdoeloiltoncajuhy.com.br\/site\/wp-json\/wp\/v2\/posts"}],"about":[{"href":"https:\/\/blogdoeloiltoncajuhy.com.br\/site\/wp-json\/wp\/v2\/types\/post"}],"author":[{"embeddable":true,"href":"https:\/\/blogdoeloiltoncajuhy.com.br\/site\/wp-json\/wp\/v2\/users\/2"}],"replies":[{"embeddable":true,"href":"https:\/\/blogdoeloiltoncajuhy.com.br\/site\/wp-json\/wp\/v2\/comments?post=11962"}],"version-history":[{"count":1,"href":"https:\/\/blogdoeloiltoncajuhy.com.br\/site\/wp-json\/wp\/v2\/posts\/11962\/revisions"}],"predecessor-version":[{"id":11965,"href":"https:\/\/blogdoeloiltoncajuhy.com.br\/site\/wp-json\/wp\/v2\/posts\/11962\/revisions\/11965"}],"wp:featuredmedia":[{"embeddable":true,"href":"https:\/\/blogdoeloiltoncajuhy.com.br\/site\/wp-json\/wp\/v2\/media\/11964"}],"wp:attachment":[{"href":"https:\/\/blogdoeloiltoncajuhy.com.br\/site\/wp-json\/wp\/v2\/media?parent=11962"}],"wp:term":[{"taxonomy":"category","embeddable":true,"href":"https:\/\/blogdoeloiltoncajuhy.com.br\/site\/wp-json\/wp\/v2\/categories?post=11962"},{"taxonomy":"post_tag","embeddable":true,"href":"https:\/\/blogdoeloiltoncajuhy.com.br\/site\/wp-json\/wp\/v2\/tags?post=11962"}],"curies":[{"name":"wp","href":"https:\/\/api.w.org\/{rel}","templated":true}]}}