{"id":11945,"date":"2016-08-29T10:45:33","date_gmt":"2016-08-29T13:45:33","guid":{"rendered":"http:\/\/blogdoeloiltoncajuhy.com.br\/site\/?p=11945"},"modified":"2016-08-29T12:31:33","modified_gmt":"2016-08-29T15:31:33","slug":"eleicoes-2016-justica-eleitoral-nega-pedido-de-impugnacao-da-candidatura-de-brasileiro","status":"publish","type":"post","link":"https:\/\/blogdoeloiltoncajuhy.com.br\/site\/eleicoes-2016-justica-eleitoral-nega-pedido-de-impugnacao-da-candidatura-de-brasileiro\/","title":{"rendered":"ELEI\u00c7\u00d5ES 2016: Justi\u00e7a Eleitoral nega pedido de impugna\u00e7\u00e3o da candidatura de Brasileiro"},"content":{"rendered":"<p><a href=\"https:\/\/i0.wp.com\/blogdoeloiltoncajuhy.com.br\/site\/wp-content\/uploads\/2016\/06\/elei%C3%A7%C3%B5es-2016.png\"><img data-recalc-dims=\"1\" fetchpriority=\"high\" decoding=\"async\" class=\"aligncenter size-full wp-image-10416\" src=\"https:\/\/i0.wp.com\/blogdoeloiltoncajuhy.com.br\/site\/wp-content\/uploads\/2016\/06\/elei%C3%A7%C3%B5es-2016.png?resize=445%2C330\" alt=\"elei\u00e7\u00f5es-2016\" width=\"445\" height=\"330\" srcset=\"https:\/\/i0.wp.com\/blogdoeloiltoncajuhy.com.br\/site\/wp-content\/uploads\/2016\/06\/elei%C3%A7%C3%B5es-2016.png?w=445&amp;ssl=1 445w, https:\/\/i0.wp.com\/blogdoeloiltoncajuhy.com.br\/site\/wp-content\/uploads\/2016\/06\/elei%C3%A7%C3%B5es-2016.png?resize=300%2C222&amp;ssl=1 300w, https:\/\/i0.wp.com\/blogdoeloiltoncajuhy.com.br\/site\/wp-content\/uploads\/2016\/06\/elei%C3%A7%C3%B5es-2016.png?resize=250%2C185&amp;ssl=1 250w\" sizes=\"(max-width: 445px) 100vw, 445px\" \/><\/a>A ju\u00edza eleitoral Ana L\u00facia Ferreira de Souza, titular da 45\u00aa Zona Eleitoral de Senhor do Bonfim, negou os pedidos de impugna\u00e7\u00e3o da candidatura de Carlos Brasileiro, protocolados pelo Minist\u00e9rio P\u00fablico Eleitoral e pela coliga\u00e7\u00e3o \u201cUm Novo Caminho\u201d. O parecer foi divulgado na tarde deste domingo, 28.<\/p>\n<p>A senten\u00e7a foi baseada por liminar concedida em 2012, quando a Justi\u00e7a j\u00e1 havia cancelado o processo e a C\u00e2mara de Vereadores do munic\u00edpio, que julgara as contas de Brasileiro no exerc\u00edcio do ano de 2001, deu o caso por encerrado por in\u00fameras falhas no processo.<\/p>\n<p>O caso tratava-se apenas de uma ardilosa movimenta\u00e7\u00e3o, sem fundamento legal algum, encabe\u00e7ada por advers\u00e1rios desesperados que j\u00e1 enxergam uma acachapante derrota nas urnas nas elei\u00e7\u00f5es que se aproximam. Com isso, o que todos os bonfinenses j\u00e1 sabiam fica agora ratificado pela Justi\u00e7a Eleitoral: Brasileiro continua eleg\u00edvel e encabe\u00e7a a chapa da Coliga\u00e7\u00e3o Unidos Por Bonfim, junto com o candidato a vice, Z\u00e9 Ant\u00f4nio.<\/p>\n<p>\u201cN\u00e3o tinha d\u00favida alguma sobre esse resultado porque tenho a consci\u00eancia tranquila. Sempre servi Senhor do Bonfim prezando pela \u00e9tica e pela honestidade. E independentemente dos ataques ou das escusas arma\u00e7\u00f5es dos advers\u00e1rios, vamos continuar com a nossa campanha do jeito que come\u00e7amos, limpa, cheia de alegria e paz, de m\u00e3os dadas com todas as pessoas de bem nessa grande miss\u00e3o de reconstruir a nossa cidade para que ela volte a ser de todos\u201d, frisou Brasileiro.<\/p>\n<p><a href=\"https:\/\/i0.wp.com\/blogdoeloiltoncajuhy.com.br\/site\/wp-content\/uploads\/2016\/08\/Senten%C3%A7a-Justi%C3%A7a.jpg\"><img data-recalc-dims=\"1\" decoding=\"async\" class=\"aligncenter size-full wp-image-11958\" src=\"https:\/\/i0.wp.com\/blogdoeloiltoncajuhy.com.br\/site\/wp-content\/uploads\/2016\/08\/Senten%C3%A7a-Justi%C3%A7a.jpg?resize=600%2C338\" alt=\"Senten\u00e7a Justi\u00e7a\" width=\"600\" height=\"338\" srcset=\"https:\/\/i0.wp.com\/blogdoeloiltoncajuhy.com.br\/site\/wp-content\/uploads\/2016\/08\/Senten%C3%A7a-Justi%C3%A7a.jpg?w=600&amp;ssl=1 600w, https:\/\/i0.wp.com\/blogdoeloiltoncajuhy.com.br\/site\/wp-content\/uploads\/2016\/08\/Senten%C3%A7a-Justi%C3%A7a.jpg?resize=300%2C169&amp;ssl=1 300w, https:\/\/i0.wp.com\/blogdoeloiltoncajuhy.com.br\/site\/wp-content\/uploads\/2016\/08\/Senten%C3%A7a-Justi%C3%A7a.jpg?resize=250%2C141&amp;ssl=1 250w\" sizes=\"(max-width: 600px) 100vw, 600px\" \/><\/a><\/p>\n<p><em><a href=\"https:\/\/i0.wp.com\/blogdoeloiltoncajuhy.com.br\/site\/wp-content\/uploads\/2016\/08\/Senten%C3%A7a-Justi%C3%A7a-2.jpg\"><img data-recalc-dims=\"1\" decoding=\"async\" class=\"aligncenter size-full wp-image-11957\" src=\"https:\/\/i0.wp.com\/blogdoeloiltoncajuhy.com.br\/site\/wp-content\/uploads\/2016\/08\/Senten%C3%A7a-Justi%C3%A7a-2.jpg?resize=600%2C451\" alt=\"Senten\u00e7a Justi\u00e7a 2\" width=\"600\" height=\"451\" srcset=\"https:\/\/i0.wp.com\/blogdoeloiltoncajuhy.com.br\/site\/wp-content\/uploads\/2016\/08\/Senten%C3%A7a-Justi%C3%A7a-2.jpg?w=600&amp;ssl=1 600w, https:\/\/i0.wp.com\/blogdoeloiltoncajuhy.com.br\/site\/wp-content\/uploads\/2016\/08\/Senten%C3%A7a-Justi%C3%A7a-2.jpg?resize=300%2C226&amp;ssl=1 300w, https:\/\/i0.wp.com\/blogdoeloiltoncajuhy.com.br\/site\/wp-content\/uploads\/2016\/08\/Senten%C3%A7a-Justi%C3%A7a-2.jpg?resize=250%2C188&amp;ssl=1 250w\" sizes=\"(max-width: 600px) 100vw, 600px\" \/><\/a> *Ascom Carlos Brasileiro<\/em><\/p>\n","protected":false},"excerpt":{"rendered":"<p>A ju\u00edza eleitoral Ana L\u00facia Ferreira de Souza, titular da 45\u00aa Zona Eleitoral de Senhor do Bonfim, negou os pedidos de impugna\u00e7\u00e3o da candidatura de Carlos Brasileiro, protocolados pelo Minist\u00e9rio P\u00fablico Eleitoral e pela coliga\u00e7\u00e3o \u201cUm Novo Caminho\u201d. O parecer foi divulgado na tarde deste domingo, 28. A senten\u00e7a foi baseada por liminar concedida em [&hellip;]<\/p>\n","protected":false},"author":2,"featured_media":11958,"comment_status":"open","ping_status":"open","sticky":false,"template":"","format":"standard","meta":{"_acf_changed":false,"_monsterinsights_skip_tracking":false,"_monsterinsights_sitenote_active":false,"_monsterinsights_sitenote_note":"","_monsterinsights_sitenote_category":0,"_jetpack_memberships_contains_paid_content":false,"footnotes":"","jetpack_publicize_message":"","jetpack_publicize_feature_enabled":true,"jetpack_social_post_already_shared":true,"jetpack_social_options":{"image_generator_settings":{"template":"highway","default_image_id":0,"font":"","enabled":false},"version":2}},"categories":[1,3,4],"tags":[],"class_list":["post-11945","post","type-post","status-publish","format-standard","has-post-thumbnail","hentry","category-noticias","category-politica","category-local"],"acf":[],"jetpack_publicize_connections":[],"jetpack_featured_media_url":"https:\/\/i0.wp.com\/blogdoeloiltoncajuhy.com.br\/site\/wp-content\/uploads\/2016\/08\/Senten%C3%A7a-Justi%C3%A7a.jpg?fit=600%2C338&ssl=1","jetpack_sharing_enabled":true,"publishpress_future_workflow_manual_trigger":{"enabledWorkflows":[]},"_links":{"self":[{"href":"https:\/\/blogdoeloiltoncajuhy.com.br\/site\/wp-json\/wp\/v2\/posts\/11945","targetHints":{"allow":["GET"]}}],"collection":[{"href":"https:\/\/blogdoeloiltoncajuhy.com.br\/site\/wp-json\/wp\/v2\/posts"}],"about":[{"href":"https:\/\/blogdoeloiltoncajuhy.com.br\/site\/wp-json\/wp\/v2\/types\/post"}],"author":[{"embeddable":true,"href":"https:\/\/blogdoeloiltoncajuhy.com.br\/site\/wp-json\/wp\/v2\/users\/2"}],"replies":[{"embeddable":true,"href":"https:\/\/blogdoeloiltoncajuhy.com.br\/site\/wp-json\/wp\/v2\/comments?post=11945"}],"version-history":[{"count":5,"href":"https:\/\/blogdoeloiltoncajuhy.com.br\/site\/wp-json\/wp\/v2\/posts\/11945\/revisions"}],"predecessor-version":[{"id":11959,"href":"https:\/\/blogdoeloiltoncajuhy.com.br\/site\/wp-json\/wp\/v2\/posts\/11945\/revisions\/11959"}],"wp:featuredmedia":[{"embeddable":true,"href":"https:\/\/blogdoeloiltoncajuhy.com.br\/site\/wp-json\/wp\/v2\/media\/11958"}],"wp:attachment":[{"href":"https:\/\/blogdoeloiltoncajuhy.com.br\/site\/wp-json\/wp\/v2\/media?parent=11945"}],"wp:term":[{"taxonomy":"category","embeddable":true,"href":"https:\/\/blogdoeloiltoncajuhy.com.br\/site\/wp-json\/wp\/v2\/categories?post=11945"},{"taxonomy":"post_tag","embeddable":true,"href":"https:\/\/blogdoeloiltoncajuhy.com.br\/site\/wp-json\/wp\/v2\/tags?post=11945"}],"curies":[{"name":"wp","href":"https:\/\/api.w.org\/{rel}","templated":true}]}}