{"id":11943,"date":"2016-08-29T09:38:21","date_gmt":"2016-08-29T12:38:21","guid":{"rendered":"http:\/\/blogdoeloiltoncajuhy.com.br\/site\/?p=11943"},"modified":"2016-08-29T09:38:21","modified_gmt":"2016-08-29T12:38:21","slug":"eleicoes-2016-com-candidatos-de-filadelfia-radio-caraiba-inicia-mais-uma-semana-de-entrevistas","status":"publish","type":"post","link":"https:\/\/blogdoeloiltoncajuhy.com.br\/site\/eleicoes-2016-com-candidatos-de-filadelfia-radio-caraiba-inicia-mais-uma-semana-de-entrevistas\/","title":{"rendered":"ELEI\u00c7\u00d5ES 2016: Com candidatos de Filad\u00e9lfia, R\u00e1dio Cara\u00edba inicia mais uma semana de entrevistas"},"content":{"rendered":"<p><a href=\"https:\/\/i0.wp.com\/blogdoeloiltoncajuhy.com.br\/site\/wp-content\/uploads\/2016\/08\/r%C3%A1dio-caraiba-marca.jpg\"><img data-recalc-dims=\"1\" fetchpriority=\"high\" decoding=\"async\" class=\"aligncenter size-full wp-image-11515\" src=\"https:\/\/i0.wp.com\/blogdoeloiltoncajuhy.com.br\/site\/wp-content\/uploads\/2016\/08\/r%C3%A1dio-caraiba-marca.jpg?resize=460%2C179\" alt=\"r\u00e1dio-caraiba-marca\" width=\"460\" height=\"179\" srcset=\"https:\/\/i0.wp.com\/blogdoeloiltoncajuhy.com.br\/site\/wp-content\/uploads\/2016\/08\/r%C3%A1dio-caraiba-marca.jpg?w=460&amp;ssl=1 460w, https:\/\/i0.wp.com\/blogdoeloiltoncajuhy.com.br\/site\/wp-content\/uploads\/2016\/08\/r%C3%A1dio-caraiba-marca.jpg?resize=300%2C117&amp;ssl=1 300w, https:\/\/i0.wp.com\/blogdoeloiltoncajuhy.com.br\/site\/wp-content\/uploads\/2016\/08\/r%C3%A1dio-caraiba-marca.jpg?resize=250%2C97&amp;ssl=1 250w\" sizes=\"(max-width: 460px) 100vw, 460px\" \/><\/a>Dando sequ\u00eancia ao projeto Elei\u00e7\u00f5es 2016, a R\u00e1dio Cara\u00edba de Senhor do Bonfim iniciar\u00e1 a semana entrevistando os candidatos a prefeito do munic\u00edpio de Filad\u00e9lfia.\u00a0<em><strong>Confira o roteiro da semana:<\/strong><\/em><\/p>\n<p><strong>&#8211; 29 de agosto (segunda-feira) &#8211; Edvaldo Manoel &#8211; Teval (PSC)<\/strong><\/p>\n<p><strong>&#8211; 30 de agosto (ter\u00e7a-feira) &#8211; Louro Maia (DEM)<\/strong><\/p>\n<p><strong>&#8211; 31 de agosto (quarta-feira) &#8211; Barbosa J\u00fanior (PDT).<\/strong><\/p>\n<p>A partir de quinta-feira, 1\u00ba de setembro, come\u00e7a a s\u00e9rie com os candidatos de <strong>Pindoba\u00e7u<\/strong>.\u00a0<em><strong>Confira:<\/strong><\/em><\/p>\n<p><strong>&#8211; 01 de setembro (quinta-feira) &#8211; H\u00e9lio Palmeira (PMDB)<\/strong><\/p>\n<p><strong>&#8211; 02 de setembro (sexta-feira) &#8211; Daniel Gomes (PPS).<\/strong><\/p>\n<p>As entrevistas s\u00e3o realizadas dentro do Jornal da Cara\u00edba, \u00e0s 13h, pelos radialistas Paulo Nogueira, Cleber Vieira e Ivan Silva.<\/p>\n<p><em>*BLOG DO ELOILTON CAJUHY<\/em><\/p>\n","protected":false},"excerpt":{"rendered":"<p>Dando sequ\u00eancia ao projeto Elei\u00e7\u00f5es 2016, a R\u00e1dio Cara\u00edba de Senhor do Bonfim iniciar\u00e1 a semana entrevistando os candidatos a prefeito do munic\u00edpio de Filad\u00e9lfia.\u00a0Confira o roteiro da semana: &#8211; 29 de agosto (segunda-feira) &#8211; Edvaldo Manoel &#8211; Teval (PSC) &#8211; 30 de agosto (ter\u00e7a-feira) &#8211; Louro Maia (DEM) &#8211; 31 de agosto (quarta-feira) &#8211; [&hellip;]<\/p>\n","protected":false},"author":2,"featured_media":0,"comment_status":"open","ping_status":"open","sticky":false,"template":"","format":"standard","meta":{"_acf_changed":false,"_monsterinsights_skip_tracking":false,"_monsterinsights_sitenote_active":false,"_monsterinsights_sitenote_note":"","_monsterinsights_sitenote_category":0,"_jetpack_memberships_contains_paid_content":false,"footnotes":"","jetpack_publicize_message":"","jetpack_publicize_feature_enabled":true,"jetpack_social_post_already_shared":true,"jetpack_social_options":{"image_generator_settings":{"template":"highway","default_image_id":0,"font":"","enabled":false},"version":2}},"categories":[1,3,4],"tags":[],"class_list":["post-11943","post","type-post","status-publish","format-standard","hentry","category-noticias","category-politica","category-local"],"acf":[],"jetpack_publicize_connections":[],"jetpack_featured_media_url":"","jetpack_sharing_enabled":true,"publishpress_future_workflow_manual_trigger":{"enabledWorkflows":[]},"_links":{"self":[{"href":"https:\/\/blogdoeloiltoncajuhy.com.br\/site\/wp-json\/wp\/v2\/posts\/11943","targetHints":{"allow":["GET"]}}],"collection":[{"href":"https:\/\/blogdoeloiltoncajuhy.com.br\/site\/wp-json\/wp\/v2\/posts"}],"about":[{"href":"https:\/\/blogdoeloiltoncajuhy.com.br\/site\/wp-json\/wp\/v2\/types\/post"}],"author":[{"embeddable":true,"href":"https:\/\/blogdoeloiltoncajuhy.com.br\/site\/wp-json\/wp\/v2\/users\/2"}],"replies":[{"embeddable":true,"href":"https:\/\/blogdoeloiltoncajuhy.com.br\/site\/wp-json\/wp\/v2\/comments?post=11943"}],"version-history":[{"count":1,"href":"https:\/\/blogdoeloiltoncajuhy.com.br\/site\/wp-json\/wp\/v2\/posts\/11943\/revisions"}],"predecessor-version":[{"id":11944,"href":"https:\/\/blogdoeloiltoncajuhy.com.br\/site\/wp-json\/wp\/v2\/posts\/11943\/revisions\/11944"}],"wp:attachment":[{"href":"https:\/\/blogdoeloiltoncajuhy.com.br\/site\/wp-json\/wp\/v2\/media?parent=11943"}],"wp:term":[{"taxonomy":"category","embeddable":true,"href":"https:\/\/blogdoeloiltoncajuhy.com.br\/site\/wp-json\/wp\/v2\/categories?post=11943"},{"taxonomy":"post_tag","embeddable":true,"href":"https:\/\/blogdoeloiltoncajuhy.com.br\/site\/wp-json\/wp\/v2\/tags?post=11943"}],"curies":[{"name":"wp","href":"https:\/\/api.w.org\/{rel}","templated":true}]}}